{"id":15408,"date":"2015-06-16T00:21:58","date_gmt":"2017-02-12T13:41:02","guid":{"rendered":"http:\/\/vinsiolisuner.com\/live-at-art-center-cal-masso-in-reus\/"},"modified":"2017-02-12T15:41:02","modified_gmt":"2017-02-12T13:41:02","slug":"live-at-art-center-cal-masso-in-reus","status":"publish","type":"post","link":"https:\/\/vinsiolisuner.com\/en\/live-at-art-center-cal-masso-in-reus\/","title":{"rendered":"Live at Art Center Cal Mass\u00f3 in Reus"},"content":{"rendered":"<p>On Thursday 11 June the Centre d&#8217;Art Cal Mass\u00f3 Reus opened us to promote our wines to act pre-DO Tarragona Fair 2015. We organized the enVIu night of music and wine, along with two small wineries DO Tarragona &#8211; Moli Rue Vinebre Mas Bella and Masmolets. Each winery provided one of their wines geographically locating the winery, explaining the characteristics of the environment and tipicitats wines. Elisa started the winery Mas Bella and presented their target, then took the floor to David, our winemaker, who introduced the Merlot roaring and finally Naomi Mill Ru\u00e9 presented his black. Notably the words of Naomi public awareness of the importance of local consumption and in particular wine of our denomination of origin.<\/p>\n<p>The music was provided by the artist Meri MG that accompanied the presentation and tasting of wine from each winery. At the end of the presentations gave a nice repertoire of versions participants while tasting wine and explained our projects.<\/p>\n<p>The initiative also aimed to promote the wine tourism. A winery Suner believe it is a very important perform because if people come to know the territory, also valued addition to our product. So we could also do a summary of our proposals wine tourism. From visits to wineries or vineyards, tasting the traditional.<\/p>\n<p>In conclusion we believe that was a very positive experience for the opportunity to present our projects in a near both participants and excellent music enVIu. Finally we want to thank the SAAC Cal Masso to offer space to conduct this event at the Meri to delight with their music and not all people who participated in the activity.<\/p>\n<p>Then we leave a gallery with photos of the event by the author Vicente Villa Cervantes who also want to thank their dedication. Visit more pictures from this author at the following links:<\/p>\n<p style=\"text-align: justify;\">https:\/\/www.facebook.com\/vicenc.villacervantes<\/p>\n<p style=\"text-align: justify;\">https:\/\/www.flickr.com\/photos\/vicenvilla\/albums<\/p>\n<style type=\"text\/css\">\r\n\t\t\t\t#gallery-1 {\r\n\t\t\t\t\tmargin: auto;\r\n\t\t\t\t}\r\n\t\t\t\t#gallery-1 .gallery-item {\r\n\t\t\t\t\tfloat: left;\r\n\t\t\t\t\tmargin-top: 10px;\r\n\t\t\t\t\ttext-align: center;\r\n\t\t\t\t\twidth: 33%;\r\n\t\t\t\t}\r\n\t\t\t\t#gallery-1 .gallery-caption {\r\n\t\t\t\t\tmargin-left: 0;\r\n\t\t\t\t}\r\n\t\t\t<\/style><!-- see gallery_shortcode() in wp-includes\/media.php -->\r\n\t\t\t\n\t\t<div id=\"gallery-1\" class=\"gallery galleryid-15408 mfp-gallery mfp-gallery--images gallery-columns-3 gallery-size-large\"><div class=\"row zn_image_gallery \"><div class=\"col-sm-6 col-md-4 col-lg-4\"><a href=\"https:\/\/vinsiolisuner.com\/wp-content\/uploads\/2015\/06\/150611_VVC5440.jpg\" title=\"\" class=\"hoverBorder\"><img loading=\"lazy\" decoding=\"async\" width=\"800\" height=\"533\" src=\"https:\/\/vinsiolisuner.com\/wp-content\/uploads\/2015\/06\/150611_VVC5440.jpg\" class=\"attachment-large size-large\" alt=\"\" size=\"large\" ids=\"771,775,761,769,770,768,765,759,764,763,757,774,750,760,751,773,754,772,752,767,766,762,758,755,753,749,748,756\" orderby=\"post__in\" include=\"771,775,761,769,770,768,765,759,764,763,757,774,750,760,751,773,754,772,752,767,766,762,758,755,753,749,748,756\" srcset=\"https:\/\/vinsiolisuner.com\/wp-content\/uploads\/2015\/06\/150611_VVC5440.jpg 800w, https:\/\/vinsiolisuner.com\/wp-content\/uploads\/2015\/06\/150611_VVC5440-265x177.jpg 265w, https:\/\/vinsiolisuner.com\/wp-content\/uploads\/2015\/06\/150611_VVC5440-300x200.jpg 300w, https:\/\/vinsiolisuner.com\/wp-content\/uploads\/2015\/06\/150611_VVC5440-280x187.jpg 280w\" sizes=\"auto, (max-width: 800px) 100vw, 800px\" \/><span class=\"gallery_caption\"><\/span><\/a><\/div><\/div><\/div>\n<p>&nbsp;<\/p>\n","protected":false},"excerpt":{"rendered":"<p>On Thursday 11 June the Centre d&#8217;Art Cal Mass\u00f3 Reus opened us to promote our wines to act pre-DO Tarragona Fair 2015. We organized the enVIu night of music and wine, along with two small wineries DO Tarragona &#8211; Moli Rue Vinebre Mas Bella and Masmolets. Each winery provided one of their wines geographically locating<\/p>\n","protected":false},"author":1,"featured_media":15409,"comment_status":"closed","ping_status":"open","sticky":false,"template":"","format":"standard","meta":{"footnotes":""},"categories":[733],"tags":[745,753,744,751,752],"class_list":["post-15408","post","type-post","status-publish","format-standard","has-post-thumbnail","hentry","category-blog-en-2","tag-merlot-en","tag-rogis-en","tag-suner-en","tag-tast-en","tag-vicatala-en","prodpage-classic"],"yoast_head":"<!-- This site is optimized with the Yoast SEO plugin v25.2 - https:\/\/yoast.com\/wordpress\/plugins\/seo\/ -->\n<title>Live at Art Center Cal Mass\u00f3 in Reus | Vins i Olis Su\u00f1er<\/title>\n<meta name=\"robots\" content=\"index, follow, max-snippet:-1, max-image-preview:large, max-video-preview:-1\" \/>\n<link rel=\"canonical\" href=\"https:\/\/vinsiolisuner.com\/en\/live-at-art-center-cal-masso-in-reus\/\" \/>\n<meta property=\"og:locale\" content=\"en_US\" \/>\n<meta property=\"og:type\" content=\"article\" \/>\n<meta property=\"og:title\" content=\"Live at Art Center Cal Mass\u00f3 in Reus | Vins i Olis Su\u00f1er\" \/>\n<meta property=\"og:description\" content=\"On Thursday 11 June the Centre d&#8217;Art Cal Mass\u00f3 Reus opened us to promote our wines to act pre-DO Tarragona Fair 2015. We organized the enVIu night of music and wine, along with two small wineries DO Tarragona &#8211; Moli Rue Vinebre Mas Bella and Masmolets. Each winery provided one of their wines geographically locating\" \/>\n<meta property=\"og:url\" content=\"https:\/\/vinsiolisuner.com\/en\/live-at-art-center-cal-masso-in-reus\/\" \/>\n<meta property=\"og:site_name\" content=\"Vins i Olis Su\u00f1er\" \/>\n<meta property=\"article:published_time\" content=\"2017-02-12T13:41:02+00:00\" \/>\n<meta property=\"og:image\" content=\"https:\/\/vinsiolisuner.com\/wp-content\/uploads\/2015\/06\/150611_VVC5440.jpg\" \/>\n\t<meta property=\"og:image:width\" content=\"800\" \/>\n\t<meta property=\"og:image:height\" content=\"533\" \/>\n\t<meta property=\"og:image:type\" content=\"image\/jpeg\" \/>\n<meta name=\"author\" content=\"vinsiolisuner\" \/>\n<meta name=\"twitter:label1\" content=\"Written by\" \/>\n\t<meta name=\"twitter:data1\" content=\"vinsiolisuner\" \/>\n\t<meta name=\"twitter:label2\" content=\"Est. reading time\" \/>\n\t<meta name=\"twitter:data2\" content=\"2 minutes\" \/>\n<script type=\"application\/ld+json\" class=\"yoast-schema-graph\">{\"@context\":\"https:\/\/schema.org\",\"@graph\":[{\"@type\":\"WebPage\",\"@id\":\"https:\/\/vinsiolisuner.com\/en\/live-at-art-center-cal-masso-in-reus\/\",\"url\":\"https:\/\/vinsiolisuner.com\/en\/live-at-art-center-cal-masso-in-reus\/\",\"name\":\"Live at Art Center Cal Mass\u00f3 in Reus | Vins i Olis Su\u00f1er\",\"isPartOf\":{\"@id\":\"https:\/\/vinsiolisuner.com\/#website\"},\"primaryImageOfPage\":{\"@id\":\"https:\/\/vinsiolisuner.com\/en\/live-at-art-center-cal-masso-in-reus\/#primaryimage\"},\"image\":{\"@id\":\"https:\/\/vinsiolisuner.com\/en\/live-at-art-center-cal-masso-in-reus\/#primaryimage\"},\"thumbnailUrl\":\"https:\/\/vinsiolisuner.com\/wp-content\/uploads\/2015\/06\/150611_VVC5440.jpg\",\"datePublished\":\"2017-02-12T13:41:02+00:00\",\"author\":{\"@id\":\"https:\/\/vinsiolisuner.com\/#\/schema\/person\/740d250858b6cb7aaf0a324a6893c86b\"},\"breadcrumb\":{\"@id\":\"https:\/\/vinsiolisuner.com\/en\/live-at-art-center-cal-masso-in-reus\/#breadcrumb\"},\"inLanguage\":\"en-US\",\"potentialAction\":[{\"@type\":\"ReadAction\",\"target\":[\"https:\/\/vinsiolisuner.com\/en\/live-at-art-center-cal-masso-in-reus\/\"]}]},{\"@type\":\"ImageObject\",\"inLanguage\":\"en-US\",\"@id\":\"https:\/\/vinsiolisuner.com\/en\/live-at-art-center-cal-masso-in-reus\/#primaryimage\",\"url\":\"https:\/\/vinsiolisuner.com\/wp-content\/uploads\/2015\/06\/150611_VVC5440.jpg\",\"contentUrl\":\"https:\/\/vinsiolisuner.com\/wp-content\/uploads\/2015\/06\/150611_VVC5440.jpg\",\"width\":800,\"height\":533},{\"@type\":\"BreadcrumbList\",\"@id\":\"https:\/\/vinsiolisuner.com\/en\/live-at-art-center-cal-masso-in-reus\/#breadcrumb\",\"itemListElement\":[{\"@type\":\"ListItem\",\"position\":1,\"name\":\"Portada\",\"item\":\"https:\/\/vinsiolisuner.com\/en\/\"},{\"@type\":\"ListItem\",\"position\":2,\"name\":\"Live at Art Center Cal Mass\u00f3 in Reus\"}]},{\"@type\":\"WebSite\",\"@id\":\"https:\/\/vinsiolisuner.com\/#website\",\"url\":\"https:\/\/vinsiolisuner.com\/\",\"name\":\"Vins i Olis Su\u00f1er\",\"description\":\"Vins i Olis Su\u00f1er\",\"potentialAction\":[{\"@type\":\"SearchAction\",\"target\":{\"@type\":\"EntryPoint\",\"urlTemplate\":\"https:\/\/vinsiolisuner.com\/?s={search_term_string}\"},\"query-input\":{\"@type\":\"PropertyValueSpecification\",\"valueRequired\":true,\"valueName\":\"search_term_string\"}}],\"inLanguage\":\"en-US\"},{\"@type\":\"Person\",\"@id\":\"https:\/\/vinsiolisuner.com\/#\/schema\/person\/740d250858b6cb7aaf0a324a6893c86b\",\"name\":\"vinsiolisuner\",\"image\":{\"@type\":\"ImageObject\",\"inLanguage\":\"en-US\",\"@id\":\"https:\/\/vinsiolisuner.com\/#\/schema\/person\/image\/\",\"url\":\"https:\/\/secure.gravatar.com\/avatar\/dffe56f1f506d494bf5f66d2149df5349775545f44eeeee6217f6f0a358506ce?s=96&d=mm&r=g\",\"contentUrl\":\"https:\/\/secure.gravatar.com\/avatar\/dffe56f1f506d494bf5f66d2149df5349775545f44eeeee6217f6f0a358506ce?s=96&d=mm&r=g\",\"caption\":\"vinsiolisuner\"},\"url\":\"https:\/\/vinsiolisuner.com\/en\/author\/vinsiolisuner\/\"}]}<\/script>\n<!-- \/ Yoast SEO plugin. -->","yoast_head_json":{"title":"Live at Art Center Cal Mass\u00f3 in Reus | Vins i Olis Su\u00f1er","robots":{"index":"index","follow":"follow","max-snippet":"max-snippet:-1","max-image-preview":"max-image-preview:large","max-video-preview":"max-video-preview:-1"},"canonical":"https:\/\/vinsiolisuner.com\/en\/live-at-art-center-cal-masso-in-reus\/","og_locale":"en_US","og_type":"article","og_title":"Live at Art Center Cal Mass\u00f3 in Reus | Vins i Olis Su\u00f1er","og_description":"On Thursday 11 June the Centre d&#8217;Art Cal Mass\u00f3 Reus opened us to promote our wines to act pre-DO Tarragona Fair 2015. We organized the enVIu night of music and wine, along with two small wineries DO Tarragona &#8211; Moli Rue Vinebre Mas Bella and Masmolets. Each winery provided one of their wines geographically locating","og_url":"https:\/\/vinsiolisuner.com\/en\/live-at-art-center-cal-masso-in-reus\/","og_site_name":"Vins i Olis Su\u00f1er","article_published_time":"2017-02-12T13:41:02+00:00","og_image":[{"width":800,"height":533,"url":"https:\/\/vinsiolisuner.com\/wp-content\/uploads\/2015\/06\/150611_VVC5440.jpg","type":"image\/jpeg"}],"author":"vinsiolisuner","twitter_misc":{"Written by":"vinsiolisuner","Est. reading time":"2 minutes"},"schema":{"@context":"https:\/\/schema.org","@graph":[{"@type":"WebPage","@id":"https:\/\/vinsiolisuner.com\/en\/live-at-art-center-cal-masso-in-reus\/","url":"https:\/\/vinsiolisuner.com\/en\/live-at-art-center-cal-masso-in-reus\/","name":"Live at Art Center Cal Mass\u00f3 in Reus | Vins i Olis Su\u00f1er","isPartOf":{"@id":"https:\/\/vinsiolisuner.com\/#website"},"primaryImageOfPage":{"@id":"https:\/\/vinsiolisuner.com\/en\/live-at-art-center-cal-masso-in-reus\/#primaryimage"},"image":{"@id":"https:\/\/vinsiolisuner.com\/en\/live-at-art-center-cal-masso-in-reus\/#primaryimage"},"thumbnailUrl":"https:\/\/vinsiolisuner.com\/wp-content\/uploads\/2015\/06\/150611_VVC5440.jpg","datePublished":"2017-02-12T13:41:02+00:00","author":{"@id":"https:\/\/vinsiolisuner.com\/#\/schema\/person\/740d250858b6cb7aaf0a324a6893c86b"},"breadcrumb":{"@id":"https:\/\/vinsiolisuner.com\/en\/live-at-art-center-cal-masso-in-reus\/#breadcrumb"},"inLanguage":"en-US","potentialAction":[{"@type":"ReadAction","target":["https:\/\/vinsiolisuner.com\/en\/live-at-art-center-cal-masso-in-reus\/"]}]},{"@type":"ImageObject","inLanguage":"en-US","@id":"https:\/\/vinsiolisuner.com\/en\/live-at-art-center-cal-masso-in-reus\/#primaryimage","url":"https:\/\/vinsiolisuner.com\/wp-content\/uploads\/2015\/06\/150611_VVC5440.jpg","contentUrl":"https:\/\/vinsiolisuner.com\/wp-content\/uploads\/2015\/06\/150611_VVC5440.jpg","width":800,"height":533},{"@type":"BreadcrumbList","@id":"https:\/\/vinsiolisuner.com\/en\/live-at-art-center-cal-masso-in-reus\/#breadcrumb","itemListElement":[{"@type":"ListItem","position":1,"name":"Portada","item":"https:\/\/vinsiolisuner.com\/en\/"},{"@type":"ListItem","position":2,"name":"Live at Art Center Cal Mass\u00f3 in Reus"}]},{"@type":"WebSite","@id":"https:\/\/vinsiolisuner.com\/#website","url":"https:\/\/vinsiolisuner.com\/","name":"Vins i Olis Su\u00f1er","description":"Vins i Olis Su\u00f1er","potentialAction":[{"@type":"SearchAction","target":{"@type":"EntryPoint","urlTemplate":"https:\/\/vinsiolisuner.com\/?s={search_term_string}"},"query-input":{"@type":"PropertyValueSpecification","valueRequired":true,"valueName":"search_term_string"}}],"inLanguage":"en-US"},{"@type":"Person","@id":"https:\/\/vinsiolisuner.com\/#\/schema\/person\/740d250858b6cb7aaf0a324a6893c86b","name":"vinsiolisuner","image":{"@type":"ImageObject","inLanguage":"en-US","@id":"https:\/\/vinsiolisuner.com\/#\/schema\/person\/image\/","url":"https:\/\/secure.gravatar.com\/avatar\/dffe56f1f506d494bf5f66d2149df5349775545f44eeeee6217f6f0a358506ce?s=96&d=mm&r=g","contentUrl":"https:\/\/secure.gravatar.com\/avatar\/dffe56f1f506d494bf5f66d2149df5349775545f44eeeee6217f6f0a358506ce?s=96&d=mm&r=g","caption":"vinsiolisuner"},"url":"https:\/\/vinsiolisuner.com\/en\/author\/vinsiolisuner\/"}]}},"_links":{"self":[{"href":"https:\/\/vinsiolisuner.com\/en\/wp-json\/wp\/v2\/posts\/15408","targetHints":{"allow":["GET"]}}],"collection":[{"href":"https:\/\/vinsiolisuner.com\/en\/wp-json\/wp\/v2\/posts"}],"about":[{"href":"https:\/\/vinsiolisuner.com\/en\/wp-json\/wp\/v2\/types\/post"}],"author":[{"embeddable":true,"href":"https:\/\/vinsiolisuner.com\/en\/wp-json\/wp\/v2\/users\/1"}],"replies":[{"embeddable":true,"href":"https:\/\/vinsiolisuner.com\/en\/wp-json\/wp\/v2\/comments?post=15408"}],"version-history":[{"count":0,"href":"https:\/\/vinsiolisuner.com\/en\/wp-json\/wp\/v2\/posts\/15408\/revisions"}],"wp:featuredmedia":[{"embeddable":true,"href":"https:\/\/vinsiolisuner.com\/en\/wp-json\/wp\/v2\/media\/15409"}],"wp:attachment":[{"href":"https:\/\/vinsiolisuner.com\/en\/wp-json\/wp\/v2\/media?parent=15408"}],"wp:term":[{"taxonomy":"category","embeddable":true,"href":"https:\/\/vinsiolisuner.com\/en\/wp-json\/wp\/v2\/categories?post=15408"},{"taxonomy":"post_tag","embeddable":true,"href":"https:\/\/vinsiolisuner.com\/en\/wp-json\/wp\/v2\/tags?post=15408"}],"curies":[{"name":"wp","href":"https:\/\/api.w.org\/{rel}","templated":true}]}}