{"id":15360,"date":"2016-04-03T20:37:26","date_gmt":"2017-02-09T16:16:14","guid":{"rendered":"http:\/\/vinsiolisuner.com\/la-pocavergonya-el-vino-mas-descarado-de-la-ribera\/"},"modified":"2017-02-09T18:16:14","modified_gmt":"2017-02-09T16:16:14","slug":"la-pocavergonya-el-vino-mas-descarado-de-la-ribera","status":"publish","type":"post","link":"https:\/\/vinsiolisuner.com\/es\/la-pocavergonya-el-vino-mas-descarado-de-la-ribera\/","title":{"rendered":"La PocaVergonya, el vino m\u00e1s descarado de la Ribera!"},"content":{"rendered":"<p>Elaborar un vino de la Ribera del Ebro, con marca propia. Este es el objetivo que nos marcamos hace un a\u00f1o cuatro bodegas de la comarca: bodega Pedrola de Miravet, Molino de Ru\u00e9 de Vinebre, la Cooperativa Agr\u00edcola de Benissanet y bodega Su\u00f1er de Ginestar.<\/p>\n<p>Despu\u00e9s de meses trabajando de trabajo en equipo, podemos decir que la desfachatez es una realidad; un vino blanco, fresco, divertido y joven, muy innovador en la zona, concebido para los consumidores m\u00e1s j\u00f3venes.<\/p>\n<p>Para dar \u00e9nfasis y mejorar la calidad de las variedades escogidas inicialmente por el proyecto se implementaron una serie de pr\u00e1cticas en la vi\u00f1a, como reducir el rendimiento de la cepa, conduci\u00e9ndolo a producir menos uva -y de mayor calidad- a trav\u00e9s de la poda y el deshojado. Tambi\u00e9n se llev\u00f3 un control exhaustivo de la vendimia y del proceso de vinificaci\u00f3n. La decisi\u00f3n del coupage ha sido una uni\u00f3n de esfuerzos, escogiendo de las muestras obtenidas aquellas de mayor calidad, y dando lugar al coupage final de la PocaVergonya: macabeo, garnacha y un peque\u00f1o porcentaje de muscat.<\/p>\n<p>El 14 de marzo presentamos el vino en Ca don Juan de Vinebre. Fue una primera cata en p\u00fablico muy satisfactorio, ya que los participantes les gust\u00f3 mucho. El ambiente fue inmejorable con un concierto a cargo de Eric Vinaixa con la previa presentaci\u00f3n de Gemma Carim, alcaldesa de Vinebre y presidenta del Consejo Comarcal de la Ribera del Ebro y Pili Carballo que ha dado soportan al proyecto desde el Consejo Comarcal . Destacar las emotivas palabras de Noem\u00ed Poquet del Molino de Ru\u00e9 haciendo referencia a la satisfacci\u00f3n de poner en valor la tradici\u00f3n vitivin\u00edcola de la comarca por medio del proyecto.<\/p>\n<p>Esta acci\u00f3n forma parte del proyecto Ribera de Ebro Viva y est\u00e1 subvencionada por el Servicio de Ocupaci\u00f3n de Catalu\u00f1a en el marco de los Programas de apoyo al desarrollo local, financiada tambi\u00e9n por el Servicio P\u00fablico de Empleo Estatal, del Ministerio de Empleo y Seguridad Social.<\/p>\n<style type=\"text\/css\">\r\n\t\t\t\t#gallery-1 {\r\n\t\t\t\t\tmargin: auto;\r\n\t\t\t\t}\r\n\t\t\t\t#gallery-1 .gallery-item {\r\n\t\t\t\t\tfloat: left;\r\n\t\t\t\t\tmargin-top: 10px;\r\n\t\t\t\t\ttext-align: center;\r\n\t\t\t\t\twidth: 33%;\r\n\t\t\t\t}\r\n\t\t\t\t#gallery-1 .gallery-caption {\r\n\t\t\t\t\tmargin-left: 0;\r\n\t\t\t\t}\r\n\t\t\t<\/style><!-- see gallery_shortcode() in wp-includes\/media.php -->\r\n\t\t\t\n\t\t<div id=\"gallery-1\" class=\"gallery galleryid-15360 mfp-gallery mfp-gallery--images gallery-columns-3 gallery-size-full\"><div class=\"row zn_image_gallery \"><div class=\"col-sm-6 col-md-4 col-lg-4\"><a href=\"https:\/\/vinsiolisuner.com\/wp-content\/uploads\/2016\/04\/IMG_5277-225x300.jpg\" title=\"\" class=\"hoverBorder\"><img loading=\"lazy\" decoding=\"async\" width=\"225\" height=\"300\" src=\"https:\/\/vinsiolisuner.com\/wp-content\/uploads\/2016\/04\/IMG_5277-225x300.jpg\" class=\"attachment-full size-full\" alt=\"\" size=\"full\" ids=\"15118,15119,15122,15123,15124\" orderby=\"post__in\" include=\"15118,15119,15122,15123,15124\" srcset=\"https:\/\/vinsiolisuner.com\/wp-content\/uploads\/2016\/04\/IMG_5277-225x300.jpg 225w, https:\/\/vinsiolisuner.com\/wp-content\/uploads\/2016\/04\/IMG_5277-225x300-140x187.jpg 140w\" sizes=\"auto, (max-width: 225px) 100vw, 225px\" \/><span class=\"gallery_caption\"><\/span><\/a><\/div><div class=\"col-sm-6 col-md-4 col-lg-4\"><a href=\"https:\/\/vinsiolisuner.com\/wp-content\/uploads\/2016\/04\/IMG_6211.jpg\" title=\"\" class=\"hoverBorder\"><img loading=\"lazy\" decoding=\"async\" width=\"1200\" height=\"1600\" src=\"https:\/\/vinsiolisuner.com\/wp-content\/uploads\/2016\/04\/IMG_6211.jpg\" class=\"attachment-full size-full\" alt=\"\" size=\"full\" ids=\"15118,15119,15122,15123,15124\" orderby=\"post__in\" include=\"15118,15119,15122,15123,15124\" srcset=\"https:\/\/vinsiolisuner.com\/wp-content\/uploads\/2016\/04\/IMG_6211.jpg 1200w, https:\/\/vinsiolisuner.com\/wp-content\/uploads\/2016\/04\/IMG_6211-265x353.jpg 265w, https:\/\/vinsiolisuner.com\/wp-content\/uploads\/2016\/04\/IMG_6211-225x300.jpg 225w, https:\/\/vinsiolisuner.com\/wp-content\/uploads\/2016\/04\/IMG_6211-768x1024.jpg 768w, https:\/\/vinsiolisuner.com\/wp-content\/uploads\/2016\/04\/IMG_6211-140x187.jpg 140w, https:\/\/vinsiolisuner.com\/wp-content\/uploads\/2016\/04\/IMG_6211-1170x1560.jpg 1170w\" sizes=\"auto, (max-width: 1200px) 100vw, 1200px\" \/><span class=\"gallery_caption\"><\/span><\/a><\/div><div class=\"col-sm-6 col-md-4 col-lg-4\"><a href=\"https:\/\/vinsiolisuner.com\/wp-content\/uploads\/2016\/04\/IMG_6214.jpg\" title=\"\" class=\"hoverBorder\"><img loading=\"lazy\" decoding=\"async\" width=\"1600\" height=\"1200\" src=\"https:\/\/vinsiolisuner.com\/wp-content\/uploads\/2016\/04\/IMG_6214.jpg\" class=\"attachment-full size-full\" alt=\"\" size=\"full\" ids=\"15118,15119,15122,15123,15124\" orderby=\"post__in\" include=\"15118,15119,15122,15123,15124\" srcset=\"https:\/\/vinsiolisuner.com\/wp-content\/uploads\/2016\/04\/IMG_6214.jpg 1600w, https:\/\/vinsiolisuner.com\/wp-content\/uploads\/2016\/04\/IMG_6214-265x199.jpg 265w, https:\/\/vinsiolisuner.com\/wp-content\/uploads\/2016\/04\/IMG_6214-300x225.jpg 300w, https:\/\/vinsiolisuner.com\/wp-content\/uploads\/2016\/04\/IMG_6214-1024x768.jpg 1024w, https:\/\/vinsiolisuner.com\/wp-content\/uploads\/2016\/04\/IMG_6214-249x187.jpg 249w, https:\/\/vinsiolisuner.com\/wp-content\/uploads\/2016\/04\/IMG_6214-1170x878.jpg 1170w\" sizes=\"auto, (max-width: 1600px) 100vw, 1600px\" \/><span class=\"gallery_caption\"><\/span><\/a><\/div><\/div><div class=\"row zn_image_gallery \"><div class=\"col-sm-6 col-md-4 col-lg-4\"><a href=\"https:\/\/vinsiolisuner.com\/wp-content\/uploads\/2016\/04\/IMG_6209.jpg\" title=\"\" class=\"hoverBorder\"><img loading=\"lazy\" decoding=\"async\" width=\"1200\" height=\"1600\" src=\"https:\/\/vinsiolisuner.com\/wp-content\/uploads\/2016\/04\/IMG_6209.jpg\" class=\"attachment-full size-full\" alt=\"\" size=\"full\" ids=\"15118,15119,15122,15123,15124\" orderby=\"post__in\" include=\"15118,15119,15122,15123,15124\" srcset=\"https:\/\/vinsiolisuner.com\/wp-content\/uploads\/2016\/04\/IMG_6209.jpg 1200w, https:\/\/vinsiolisuner.com\/wp-content\/uploads\/2016\/04\/IMG_6209-265x353.jpg 265w, https:\/\/vinsiolisuner.com\/wp-content\/uploads\/2016\/04\/IMG_6209-225x300.jpg 225w, https:\/\/vinsiolisuner.com\/wp-content\/uploads\/2016\/04\/IMG_6209-768x1024.jpg 768w, https:\/\/vinsiolisuner.com\/wp-content\/uploads\/2016\/04\/IMG_6209-140x187.jpg 140w, https:\/\/vinsiolisuner.com\/wp-content\/uploads\/2016\/04\/IMG_6209-1170x1560.jpg 1170w\" sizes=\"auto, (max-width: 1200px) 100vw, 1200px\" \/><span class=\"gallery_caption\"><\/span><\/a><\/div><div class=\"col-sm-6 col-md-4 col-lg-4\"><a href=\"https:\/\/vinsiolisuner.com\/wp-content\/uploads\/2016\/04\/IMG_6207.jpg\" title=\"\" class=\"hoverBorder\"><img loading=\"lazy\" decoding=\"async\" width=\"1200\" height=\"1600\" src=\"https:\/\/vinsiolisuner.com\/wp-content\/uploads\/2016\/04\/IMG_6207.jpg\" class=\"attachment-full size-full\" alt=\"\" size=\"full\" ids=\"15118,15119,15122,15123,15124\" orderby=\"post__in\" include=\"15118,15119,15122,15123,15124\" srcset=\"https:\/\/vinsiolisuner.com\/wp-content\/uploads\/2016\/04\/IMG_6207.jpg 1200w, https:\/\/vinsiolisuner.com\/wp-content\/uploads\/2016\/04\/IMG_6207-265x353.jpg 265w, https:\/\/vinsiolisuner.com\/wp-content\/uploads\/2016\/04\/IMG_6207-225x300.jpg 225w, https:\/\/vinsiolisuner.com\/wp-content\/uploads\/2016\/04\/IMG_6207-768x1024.jpg 768w, https:\/\/vinsiolisuner.com\/wp-content\/uploads\/2016\/04\/IMG_6207-140x187.jpg 140w, https:\/\/vinsiolisuner.com\/wp-content\/uploads\/2016\/04\/IMG_6207-1170x1560.jpg 1170w\" sizes=\"auto, (max-width: 1200px) 100vw, 1200px\" \/><span class=\"gallery_caption\"><\/span><\/a><\/div><\/div><\/div>\n","protected":false},"excerpt":{"rendered":"<p>Elaborar un vino de la Ribera del Ebro, con marca propia. Este es el objetivo que nos marcamos hace un a\u00f1o cuatro bodegas de la comarca: bodega Pedrola de Miravet, Molino de Ru\u00e9 de Vinebre, la Cooperativa Agr\u00edcola de Benissanet y bodega Su\u00f1er de Ginestar. Despu\u00e9s de meses trabajando de trabajo en equipo, podemos decir<\/p>\n","protected":false},"author":1,"featured_media":15371,"comment_status":"closed","ping_status":"open","sticky":false,"template":"","format":"standard","meta":{"footnotes":""},"categories":[726],"tags":[],"class_list":["post-15360","post","type-post","status-publish","format-standard","has-post-thumbnail","hentry","category-blog-es","prodpage-classic"],"yoast_head":"<!-- This site is optimized with the Yoast SEO plugin v25.2 - https:\/\/yoast.com\/wordpress\/plugins\/seo\/ -->\n<title>La PocaVergonya, el vino m\u00e1s descarado de la Ribera! | Vins i Olis Su\u00f1er<\/title>\n<meta name=\"robots\" content=\"index, follow, max-snippet:-1, max-image-preview:large, max-video-preview:-1\" \/>\n<link rel=\"canonical\" href=\"https:\/\/vinsiolisuner.com\/es\/la-pocavergonya-el-vino-mas-descarado-de-la-ribera\/\" \/>\n<meta property=\"og:locale\" content=\"es_ES\" \/>\n<meta property=\"og:type\" content=\"article\" \/>\n<meta property=\"og:title\" content=\"La PocaVergonya, el vino m\u00e1s descarado de la Ribera! | Vins i Olis Su\u00f1er\" \/>\n<meta property=\"og:description\" content=\"Elaborar un vino de la Ribera del Ebro, con marca propia. Este es el objetivo que nos marcamos hace un a\u00f1o cuatro bodegas de la comarca: bodega Pedrola de Miravet, Molino de Ru\u00e9 de Vinebre, la Cooperativa Agr\u00edcola de Benissanet y bodega Su\u00f1er de Ginestar. Despu\u00e9s de meses trabajando de trabajo en equipo, podemos decir\" \/>\n<meta property=\"og:url\" content=\"https:\/\/vinsiolisuner.com\/es\/la-pocavergonya-el-vino-mas-descarado-de-la-ribera\/\" \/>\n<meta property=\"og:site_name\" content=\"Vins i Olis Su\u00f1er\" \/>\n<meta property=\"article:published_time\" content=\"2017-02-09T16:16:14+00:00\" \/>\n<meta property=\"og:image\" content=\"https:\/\/vinsiolisuner.com\/wp-content\/uploads\/2015\/04\/PocaVergonya_sombra1.png\" \/>\n\t<meta property=\"og:image:width\" content=\"720\" \/>\n\t<meta property=\"og:image:height\" content=\"1000\" \/>\n\t<meta property=\"og:image:type\" content=\"image\/png\" \/>\n<meta name=\"author\" content=\"vinsiolisuner\" \/>\n<meta name=\"twitter:label1\" content=\"Escrito por\" \/>\n\t<meta name=\"twitter:data1\" content=\"vinsiolisuner\" \/>\n\t<meta name=\"twitter:label2\" content=\"Tiempo de lectura\" \/>\n\t<meta name=\"twitter:data2\" content=\"2 minutos\" \/>\n<script type=\"application\/ld+json\" class=\"yoast-schema-graph\">{\"@context\":\"https:\/\/schema.org\",\"@graph\":[{\"@type\":\"WebPage\",\"@id\":\"https:\/\/vinsiolisuner.com\/es\/la-pocavergonya-el-vino-mas-descarado-de-la-ribera\/\",\"url\":\"https:\/\/vinsiolisuner.com\/es\/la-pocavergonya-el-vino-mas-descarado-de-la-ribera\/\",\"name\":\"La PocaVergonya, el vino m\u00e1s descarado de la Ribera! | Vins i Olis Su\u00f1er\",\"isPartOf\":{\"@id\":\"https:\/\/vinsiolisuner.com\/#website\"},\"primaryImageOfPage\":{\"@id\":\"https:\/\/vinsiolisuner.com\/es\/la-pocavergonya-el-vino-mas-descarado-de-la-ribera\/#primaryimage\"},\"image\":{\"@id\":\"https:\/\/vinsiolisuner.com\/es\/la-pocavergonya-el-vino-mas-descarado-de-la-ribera\/#primaryimage\"},\"thumbnailUrl\":\"https:\/\/vinsiolisuner.com\/wp-content\/uploads\/2015\/04\/PocaVergonya_sombra1.png\",\"datePublished\":\"2017-02-09T16:16:14+00:00\",\"author\":{\"@id\":\"https:\/\/vinsiolisuner.com\/#\/schema\/person\/740d250858b6cb7aaf0a324a6893c86b\"},\"breadcrumb\":{\"@id\":\"https:\/\/vinsiolisuner.com\/es\/la-pocavergonya-el-vino-mas-descarado-de-la-ribera\/#breadcrumb\"},\"inLanguage\":\"es\",\"potentialAction\":[{\"@type\":\"ReadAction\",\"target\":[\"https:\/\/vinsiolisuner.com\/es\/la-pocavergonya-el-vino-mas-descarado-de-la-ribera\/\"]}]},{\"@type\":\"ImageObject\",\"inLanguage\":\"es\",\"@id\":\"https:\/\/vinsiolisuner.com\/es\/la-pocavergonya-el-vino-mas-descarado-de-la-ribera\/#primaryimage\",\"url\":\"https:\/\/vinsiolisuner.com\/wp-content\/uploads\/2015\/04\/PocaVergonya_sombra1.png\",\"contentUrl\":\"https:\/\/vinsiolisuner.com\/wp-content\/uploads\/2015\/04\/PocaVergonya_sombra1.png\",\"width\":720,\"height\":1000},{\"@type\":\"BreadcrumbList\",\"@id\":\"https:\/\/vinsiolisuner.com\/es\/la-pocavergonya-el-vino-mas-descarado-de-la-ribera\/#breadcrumb\",\"itemListElement\":[{\"@type\":\"ListItem\",\"position\":1,\"name\":\"Portada\",\"item\":\"https:\/\/vinsiolisuner.com\/es\/\"},{\"@type\":\"ListItem\",\"position\":2,\"name\":\"La PocaVergonya, el vino m\u00e1s descarado de la Ribera!\"}]},{\"@type\":\"WebSite\",\"@id\":\"https:\/\/vinsiolisuner.com\/#website\",\"url\":\"https:\/\/vinsiolisuner.com\/\",\"name\":\"Vins i Olis Su\u00f1er\",\"description\":\"Vins i Olis Su\u00f1er\",\"potentialAction\":[{\"@type\":\"SearchAction\",\"target\":{\"@type\":\"EntryPoint\",\"urlTemplate\":\"https:\/\/vinsiolisuner.com\/?s={search_term_string}\"},\"query-input\":{\"@type\":\"PropertyValueSpecification\",\"valueRequired\":true,\"valueName\":\"search_term_string\"}}],\"inLanguage\":\"es\"},{\"@type\":\"Person\",\"@id\":\"https:\/\/vinsiolisuner.com\/#\/schema\/person\/740d250858b6cb7aaf0a324a6893c86b\",\"name\":\"vinsiolisuner\",\"image\":{\"@type\":\"ImageObject\",\"inLanguage\":\"es\",\"@id\":\"https:\/\/vinsiolisuner.com\/#\/schema\/person\/image\/\",\"url\":\"https:\/\/secure.gravatar.com\/avatar\/dffe56f1f506d494bf5f66d2149df5349775545f44eeeee6217f6f0a358506ce?s=96&d=mm&r=g\",\"contentUrl\":\"https:\/\/secure.gravatar.com\/avatar\/dffe56f1f506d494bf5f66d2149df5349775545f44eeeee6217f6f0a358506ce?s=96&d=mm&r=g\",\"caption\":\"vinsiolisuner\"},\"url\":\"https:\/\/vinsiolisuner.com\/es\/author\/vinsiolisuner\/\"}]}<\/script>\n<!-- \/ Yoast SEO plugin. -->","yoast_head_json":{"title":"La PocaVergonya, el vino m\u00e1s descarado de la Ribera! | Vins i Olis Su\u00f1er","robots":{"index":"index","follow":"follow","max-snippet":"max-snippet:-1","max-image-preview":"max-image-preview:large","max-video-preview":"max-video-preview:-1"},"canonical":"https:\/\/vinsiolisuner.com\/es\/la-pocavergonya-el-vino-mas-descarado-de-la-ribera\/","og_locale":"es_ES","og_type":"article","og_title":"La PocaVergonya, el vino m\u00e1s descarado de la Ribera! | Vins i Olis Su\u00f1er","og_description":"Elaborar un vino de la Ribera del Ebro, con marca propia. Este es el objetivo que nos marcamos hace un a\u00f1o cuatro bodegas de la comarca: bodega Pedrola de Miravet, Molino de Ru\u00e9 de Vinebre, la Cooperativa Agr\u00edcola de Benissanet y bodega Su\u00f1er de Ginestar. Despu\u00e9s de meses trabajando de trabajo en equipo, podemos decir","og_url":"https:\/\/vinsiolisuner.com\/es\/la-pocavergonya-el-vino-mas-descarado-de-la-ribera\/","og_site_name":"Vins i Olis Su\u00f1er","article_published_time":"2017-02-09T16:16:14+00:00","og_image":[{"width":720,"height":1000,"url":"https:\/\/vinsiolisuner.com\/wp-content\/uploads\/2015\/04\/PocaVergonya_sombra1.png","type":"image\/png"}],"author":"vinsiolisuner","twitter_misc":{"Escrito por":"vinsiolisuner","Tiempo de lectura":"2 minutos"},"schema":{"@context":"https:\/\/schema.org","@graph":[{"@type":"WebPage","@id":"https:\/\/vinsiolisuner.com\/es\/la-pocavergonya-el-vino-mas-descarado-de-la-ribera\/","url":"https:\/\/vinsiolisuner.com\/es\/la-pocavergonya-el-vino-mas-descarado-de-la-ribera\/","name":"La PocaVergonya, el vino m\u00e1s descarado de la Ribera! | Vins i Olis Su\u00f1er","isPartOf":{"@id":"https:\/\/vinsiolisuner.com\/#website"},"primaryImageOfPage":{"@id":"https:\/\/vinsiolisuner.com\/es\/la-pocavergonya-el-vino-mas-descarado-de-la-ribera\/#primaryimage"},"image":{"@id":"https:\/\/vinsiolisuner.com\/es\/la-pocavergonya-el-vino-mas-descarado-de-la-ribera\/#primaryimage"},"thumbnailUrl":"https:\/\/vinsiolisuner.com\/wp-content\/uploads\/2015\/04\/PocaVergonya_sombra1.png","datePublished":"2017-02-09T16:16:14+00:00","author":{"@id":"https:\/\/vinsiolisuner.com\/#\/schema\/person\/740d250858b6cb7aaf0a324a6893c86b"},"breadcrumb":{"@id":"https:\/\/vinsiolisuner.com\/es\/la-pocavergonya-el-vino-mas-descarado-de-la-ribera\/#breadcrumb"},"inLanguage":"es","potentialAction":[{"@type":"ReadAction","target":["https:\/\/vinsiolisuner.com\/es\/la-pocavergonya-el-vino-mas-descarado-de-la-ribera\/"]}]},{"@type":"ImageObject","inLanguage":"es","@id":"https:\/\/vinsiolisuner.com\/es\/la-pocavergonya-el-vino-mas-descarado-de-la-ribera\/#primaryimage","url":"https:\/\/vinsiolisuner.com\/wp-content\/uploads\/2015\/04\/PocaVergonya_sombra1.png","contentUrl":"https:\/\/vinsiolisuner.com\/wp-content\/uploads\/2015\/04\/PocaVergonya_sombra1.png","width":720,"height":1000},{"@type":"BreadcrumbList","@id":"https:\/\/vinsiolisuner.com\/es\/la-pocavergonya-el-vino-mas-descarado-de-la-ribera\/#breadcrumb","itemListElement":[{"@type":"ListItem","position":1,"name":"Portada","item":"https:\/\/vinsiolisuner.com\/es\/"},{"@type":"ListItem","position":2,"name":"La PocaVergonya, el vino m\u00e1s descarado de la Ribera!"}]},{"@type":"WebSite","@id":"https:\/\/vinsiolisuner.com\/#website","url":"https:\/\/vinsiolisuner.com\/","name":"Vins i Olis Su\u00f1er","description":"Vins i Olis Su\u00f1er","potentialAction":[{"@type":"SearchAction","target":{"@type":"EntryPoint","urlTemplate":"https:\/\/vinsiolisuner.com\/?s={search_term_string}"},"query-input":{"@type":"PropertyValueSpecification","valueRequired":true,"valueName":"search_term_string"}}],"inLanguage":"es"},{"@type":"Person","@id":"https:\/\/vinsiolisuner.com\/#\/schema\/person\/740d250858b6cb7aaf0a324a6893c86b","name":"vinsiolisuner","image":{"@type":"ImageObject","inLanguage":"es","@id":"https:\/\/vinsiolisuner.com\/#\/schema\/person\/image\/","url":"https:\/\/secure.gravatar.com\/avatar\/dffe56f1f506d494bf5f66d2149df5349775545f44eeeee6217f6f0a358506ce?s=96&d=mm&r=g","contentUrl":"https:\/\/secure.gravatar.com\/avatar\/dffe56f1f506d494bf5f66d2149df5349775545f44eeeee6217f6f0a358506ce?s=96&d=mm&r=g","caption":"vinsiolisuner"},"url":"https:\/\/vinsiolisuner.com\/es\/author\/vinsiolisuner\/"}]}},"_links":{"self":[{"href":"https:\/\/vinsiolisuner.com\/es\/wp-json\/wp\/v2\/posts\/15360","targetHints":{"allow":["GET"]}}],"collection":[{"href":"https:\/\/vinsiolisuner.com\/es\/wp-json\/wp\/v2\/posts"}],"about":[{"href":"https:\/\/vinsiolisuner.com\/es\/wp-json\/wp\/v2\/types\/post"}],"author":[{"embeddable":true,"href":"https:\/\/vinsiolisuner.com\/es\/wp-json\/wp\/v2\/users\/1"}],"replies":[{"embeddable":true,"href":"https:\/\/vinsiolisuner.com\/es\/wp-json\/wp\/v2\/comments?post=15360"}],"version-history":[{"count":0,"href":"https:\/\/vinsiolisuner.com\/es\/wp-json\/wp\/v2\/posts\/15360\/revisions"}],"wp:featuredmedia":[{"embeddable":true,"href":"https:\/\/vinsiolisuner.com\/es\/wp-json\/wp\/v2\/media\/15371"}],"wp:attachment":[{"href":"https:\/\/vinsiolisuner.com\/es\/wp-json\/wp\/v2\/media?parent=15360"}],"wp:term":[{"taxonomy":"category","embeddable":true,"href":"https:\/\/vinsiolisuner.com\/es\/wp-json\/wp\/v2\/categories?post=15360"},{"taxonomy":"post_tag","embeddable":true,"href":"https:\/\/vinsiolisuner.com\/es\/wp-json\/wp\/v2\/tags?post=15360"}],"curies":[{"name":"wp","href":"https:\/\/api.w.org\/{rel}","templated":true}]}}