{"id":15414,"date":"2015-04-29T18:39:26","date_gmt":"2017-02-12T13:46:33","guid":{"rendered":"http:\/\/vinsiolisuner.com\/presentacion-vi-suner-al-sota-de-copes\/"},"modified":"2017-02-12T15:46:33","modified_gmt":"2017-02-12T13:46:33","slug":"presentacion-vi-suner-al-sota-de-copes","status":"publish","type":"post","link":"https:\/\/vinsiolisuner.com\/es\/presentacion-vi-suner-al-sota-de-copes\/","title":{"rendered":"PRESENTACI\u00d3N VI SU\u00d1ER AL SOTA DE COPES"},"content":{"rendered":"<p>El pasado d\u00eda 19 de Abril de 2015 organizamos la primera presentaci\u00f3n de nuestro vino. Esta presentaci\u00f3n se llev\u00f3 a cabo en el emblem\u00e1tico pub SOTA DE COPES de M\u00f3ra d\u2019Ebre.<\/p>\n<p>Comenz\u00f3 M\u00aa Alba, en\u00f3loga e hija del propietario Manuel Su\u00f1er, a hacer una breve presentaci\u00f3n de nuestra bodega con unos soporte audiovisual atractivo de fotos de nuestro entorno bodega y los vi\u00f1edos.<\/p>\n<p>Seguidamente entr\u00f3 en acci\u00f3n David. En\u00f3logo de profesi\u00f3n que gui\u00f3 la cata con un soporte did\u00e1ctico que result\u00f3 muy interesante para el p\u00fablico. Hicimos un an\u00e1lisis arom\u00e1tico y gustativo. Los tres vinos fueron acompa\u00f1ados de quesos de nuestro territorio.<\/p>\n<p>La experiencia fue un \u00e9xito. Los vinos gustaron y mucho. Los quesos combinaron a la perfecci\u00f3n y el ambiente del SOTA DE COPES fue inmejorable; como siempre muy agradable y acogedor.<\/p>\n<p>Queremos agradecer al SOTA DE COPES la oportunidad que nos brind\u00f3 de hacer esta actividad y todas las personas que asistieron.<\/p>\n<style type=\"text\/css\">\r\n\t\t\t\t#gallery-1 {\r\n\t\t\t\t\tmargin: auto;\r\n\t\t\t\t}\r\n\t\t\t\t#gallery-1 .gallery-item {\r\n\t\t\t\t\tfloat: left;\r\n\t\t\t\t\tmargin-top: 10px;\r\n\t\t\t\t\ttext-align: center;\r\n\t\t\t\t\twidth: 33%;\r\n\t\t\t\t}\r\n\t\t\t\t#gallery-1 .gallery-caption {\r\n\t\t\t\t\tmargin-left: 0;\r\n\t\t\t\t}\r\n\t\t\t<\/style><!-- see gallery_shortcode() in wp-includes\/media.php -->\r\n\t\t\t\n\t\t<div id=\"gallery-1\" class=\"gallery galleryid-15414 mfp-gallery mfp-gallery--images gallery-columns-3 gallery-size-medium\"><div class=\"row zn_image_gallery \"><div class=\"col-sm-6 col-md-4 col-lg-4\"><a href=\"https:\/\/vinsiolisuner.com\/wp-content\/uploads\/2015\/04\/SAM_4666.jpg\" title=\"\" class=\"hoverBorder\"><img loading=\"lazy\" decoding=\"async\" width=\"300\" height=\"200\" src=\"https:\/\/vinsiolisuner.com\/wp-content\/uploads\/2015\/04\/SAM_4666-300x200.jpg\" class=\"attachment-medium size-medium\" alt=\"\" link=\"file\" size=\"medium\" ids=\"339,338,337,336,335\" orderby=\"post__in\" include=\"339,338,337,336,335\" srcset=\"https:\/\/vinsiolisuner.com\/wp-content\/uploads\/2015\/04\/SAM_4666-300x200.jpg 300w, https:\/\/vinsiolisuner.com\/wp-content\/uploads\/2015\/04\/SAM_4666-265x177.jpg 265w, https:\/\/vinsiolisuner.com\/wp-content\/uploads\/2015\/04\/SAM_4666-280x187.jpg 280w, https:\/\/vinsiolisuner.com\/wp-content\/uploads\/2015\/04\/SAM_4666.jpg 1000w\" sizes=\"auto, (max-width: 300px) 100vw, 300px\" \/><span class=\"gallery_caption\"><\/span><\/a><\/div><div class=\"col-sm-6 col-md-4 col-lg-4\"><a href=\"https:\/\/vinsiolisuner.com\/wp-content\/uploads\/2015\/04\/SAM_4664.jpg\" title=\"\" class=\"hoverBorder\"><img loading=\"lazy\" decoding=\"async\" width=\"300\" height=\"200\" src=\"https:\/\/vinsiolisuner.com\/wp-content\/uploads\/2015\/04\/SAM_4664-300x200.jpg\" class=\"attachment-medium size-medium\" alt=\"\" link=\"file\" size=\"medium\" ids=\"339,338,337,336,335\" orderby=\"post__in\" include=\"339,338,337,336,335\" srcset=\"https:\/\/vinsiolisuner.com\/wp-content\/uploads\/2015\/04\/SAM_4664-300x200.jpg 300w, https:\/\/vinsiolisuner.com\/wp-content\/uploads\/2015\/04\/SAM_4664-265x177.jpg 265w, https:\/\/vinsiolisuner.com\/wp-content\/uploads\/2015\/04\/SAM_4664-280x187.jpg 280w, https:\/\/vinsiolisuner.com\/wp-content\/uploads\/2015\/04\/SAM_4664.jpg 1000w\" sizes=\"auto, (max-width: 300px) 100vw, 300px\" \/><span class=\"gallery_caption\"><\/span><\/a><\/div><div class=\"col-sm-6 col-md-4 col-lg-4\"><a href=\"https:\/\/vinsiolisuner.com\/wp-content\/uploads\/2015\/04\/SAM_4659.jpg\" title=\"\" class=\"hoverBorder\"><img loading=\"lazy\" decoding=\"async\" width=\"300\" height=\"200\" src=\"https:\/\/vinsiolisuner.com\/wp-content\/uploads\/2015\/04\/SAM_4659-300x200.jpg\" class=\"attachment-medium size-medium\" alt=\"\" link=\"file\" size=\"medium\" ids=\"339,338,337,336,335\" orderby=\"post__in\" include=\"339,338,337,336,335\" srcset=\"https:\/\/vinsiolisuner.com\/wp-content\/uploads\/2015\/04\/SAM_4659-300x200.jpg 300w, https:\/\/vinsiolisuner.com\/wp-content\/uploads\/2015\/04\/SAM_4659-265x177.jpg 265w, https:\/\/vinsiolisuner.com\/wp-content\/uploads\/2015\/04\/SAM_4659-280x187.jpg 280w, https:\/\/vinsiolisuner.com\/wp-content\/uploads\/2015\/04\/SAM_4659.jpg 1000w\" sizes=\"auto, (max-width: 300px) 100vw, 300px\" \/><span class=\"gallery_caption\"><\/span><\/a><\/div><\/div><div class=\"row zn_image_gallery \"><div class=\"col-sm-6 col-md-4 col-lg-4\"><a href=\"https:\/\/vinsiolisuner.com\/wp-content\/uploads\/2015\/04\/SAM_4658.jpg\" title=\"\" class=\"hoverBorder\"><img loading=\"lazy\" decoding=\"async\" width=\"300\" height=\"200\" src=\"https:\/\/vinsiolisuner.com\/wp-content\/uploads\/2015\/04\/SAM_4658-300x200.jpg\" class=\"attachment-medium size-medium\" alt=\"\" link=\"file\" size=\"medium\" ids=\"339,338,337,336,335\" orderby=\"post__in\" include=\"339,338,337,336,335\" srcset=\"https:\/\/vinsiolisuner.com\/wp-content\/uploads\/2015\/04\/SAM_4658-300x200.jpg 300w, https:\/\/vinsiolisuner.com\/wp-content\/uploads\/2015\/04\/SAM_4658-265x177.jpg 265w, https:\/\/vinsiolisuner.com\/wp-content\/uploads\/2015\/04\/SAM_4658-280x187.jpg 280w, https:\/\/vinsiolisuner.com\/wp-content\/uploads\/2015\/04\/SAM_4658.jpg 1000w\" sizes=\"auto, (max-width: 300px) 100vw, 300px\" \/><span class=\"gallery_caption\"><\/span><\/a><\/div><div class=\"col-sm-6 col-md-4 col-lg-4\"><a href=\"https:\/\/vinsiolisuner.com\/wp-content\/uploads\/2015\/04\/SAM_4655.jpg\" title=\"\" class=\"hoverBorder\"><img loading=\"lazy\" decoding=\"async\" width=\"300\" height=\"200\" src=\"https:\/\/vinsiolisuner.com\/wp-content\/uploads\/2015\/04\/SAM_4655-300x200.jpg\" class=\"attachment-medium size-medium\" alt=\"\" link=\"file\" size=\"medium\" ids=\"339,338,337,336,335\" orderby=\"post__in\" include=\"339,338,337,336,335\" srcset=\"https:\/\/vinsiolisuner.com\/wp-content\/uploads\/2015\/04\/SAM_4655-300x200.jpg 300w, https:\/\/vinsiolisuner.com\/wp-content\/uploads\/2015\/04\/SAM_4655-265x177.jpg 265w, https:\/\/vinsiolisuner.com\/wp-content\/uploads\/2015\/04\/SAM_4655-280x187.jpg 280w, https:\/\/vinsiolisuner.com\/wp-content\/uploads\/2015\/04\/SAM_4655.jpg 1000w\" sizes=\"auto, (max-width: 300px) 100vw, 300px\" \/><span class=\"gallery_caption\"><\/span><\/a><\/div><\/div><\/div>\n","protected":false},"excerpt":{"rendered":"<p>El pasado d\u00eda 19 de Abril de 2015 organizamos la primera presentaci\u00f3n de nuestro vino. Esta presentaci\u00f3n se llev\u00f3 a cabo en el emblem\u00e1tico pub SOTA DE COPES de M\u00f3ra d\u2019Ebre. Comenz\u00f3 M\u00aa Alba, en\u00f3loga e hija del propietario Manuel Su\u00f1er, a hacer una breve presentaci\u00f3n de nuestra bodega con unos soporte audiovisual atractivo de<\/p>\n","protected":false},"author":1,"featured_media":15422,"comment_status":"closed","ping_status":"open","sticky":false,"template":"","format":"standard","meta":{"footnotes":""},"categories":[726],"tags":[],"class_list":["post-15414","post","type-post","status-publish","format-standard","has-post-thumbnail","hentry","category-blog-es","prodpage-classic"],"yoast_head":"<!-- This site is optimized with the Yoast SEO plugin v25.2 - https:\/\/yoast.com\/wordpress\/plugins\/seo\/ -->\n<title>PRESENTACI\u00d3N VI SU\u00d1ER AL SOTA DE COPES | Vins i Olis Su\u00f1er<\/title>\n<meta name=\"robots\" content=\"index, follow, max-snippet:-1, max-image-preview:large, max-video-preview:-1\" \/>\n<link rel=\"canonical\" href=\"https:\/\/vinsiolisuner.com\/es\/presentacion-vi-suner-al-sota-de-copes\/\" \/>\n<meta property=\"og:locale\" content=\"es_ES\" \/>\n<meta property=\"og:type\" content=\"article\" \/>\n<meta property=\"og:title\" content=\"PRESENTACI\u00d3N VI SU\u00d1ER AL SOTA DE COPES | Vins i Olis Su\u00f1er\" \/>\n<meta property=\"og:description\" content=\"El pasado d\u00eda 19 de Abril de 2015 organizamos la primera presentaci\u00f3n de nuestro vino. Esta presentaci\u00f3n se llev\u00f3 a cabo en el emblem\u00e1tico pub SOTA DE COPES de M\u00f3ra d\u2019Ebre. Comenz\u00f3 M\u00aa Alba, en\u00f3loga e hija del propietario Manuel Su\u00f1er, a hacer una breve presentaci\u00f3n de nuestra bodega con unos soporte audiovisual atractivo de\" \/>\n<meta property=\"og:url\" content=\"https:\/\/vinsiolisuner.com\/es\/presentacion-vi-suner-al-sota-de-copes\/\" \/>\n<meta property=\"og:site_name\" content=\"Vins i Olis Su\u00f1er\" \/>\n<meta property=\"article:published_time\" content=\"2017-02-12T13:46:33+00:00\" \/>\n<meta property=\"og:image\" content=\"https:\/\/vinsiolisuner.com\/wp-content\/uploads\/2015\/04\/aa1.jpg\" \/>\n\t<meta property=\"og:image:width\" content=\"720\" \/>\n\t<meta property=\"og:image:height\" content=\"302\" \/>\n\t<meta property=\"og:image:type\" content=\"image\/jpeg\" \/>\n<meta name=\"author\" content=\"vinsiolisuner\" \/>\n<meta name=\"twitter:label1\" content=\"Escrito por\" \/>\n\t<meta name=\"twitter:data1\" content=\"vinsiolisuner\" \/>\n\t<meta name=\"twitter:label2\" content=\"Tiempo de lectura\" \/>\n\t<meta name=\"twitter:data2\" content=\"1 minuto\" \/>\n<script type=\"application\/ld+json\" class=\"yoast-schema-graph\">{\"@context\":\"https:\/\/schema.org\",\"@graph\":[{\"@type\":\"WebPage\",\"@id\":\"https:\/\/vinsiolisuner.com\/es\/presentacion-vi-suner-al-sota-de-copes\/\",\"url\":\"https:\/\/vinsiolisuner.com\/es\/presentacion-vi-suner-al-sota-de-copes\/\",\"name\":\"PRESENTACI\u00d3N VI SU\u00d1ER AL SOTA DE COPES | Vins i Olis Su\u00f1er\",\"isPartOf\":{\"@id\":\"https:\/\/vinsiolisuner.com\/#website\"},\"primaryImageOfPage\":{\"@id\":\"https:\/\/vinsiolisuner.com\/es\/presentacion-vi-suner-al-sota-de-copes\/#primaryimage\"},\"image\":{\"@id\":\"https:\/\/vinsiolisuner.com\/es\/presentacion-vi-suner-al-sota-de-copes\/#primaryimage\"},\"thumbnailUrl\":\"https:\/\/vinsiolisuner.com\/wp-content\/uploads\/2015\/04\/aa1.jpg\",\"datePublished\":\"2017-02-12T13:46:33+00:00\",\"author\":{\"@id\":\"https:\/\/vinsiolisuner.com\/#\/schema\/person\/740d250858b6cb7aaf0a324a6893c86b\"},\"breadcrumb\":{\"@id\":\"https:\/\/vinsiolisuner.com\/es\/presentacion-vi-suner-al-sota-de-copes\/#breadcrumb\"},\"inLanguage\":\"es\",\"potentialAction\":[{\"@type\":\"ReadAction\",\"target\":[\"https:\/\/vinsiolisuner.com\/es\/presentacion-vi-suner-al-sota-de-copes\/\"]}]},{\"@type\":\"ImageObject\",\"inLanguage\":\"es\",\"@id\":\"https:\/\/vinsiolisuner.com\/es\/presentacion-vi-suner-al-sota-de-copes\/#primaryimage\",\"url\":\"https:\/\/vinsiolisuner.com\/wp-content\/uploads\/2015\/04\/aa1.jpg\",\"contentUrl\":\"https:\/\/vinsiolisuner.com\/wp-content\/uploads\/2015\/04\/aa1.jpg\",\"width\":720,\"height\":302},{\"@type\":\"BreadcrumbList\",\"@id\":\"https:\/\/vinsiolisuner.com\/es\/presentacion-vi-suner-al-sota-de-copes\/#breadcrumb\",\"itemListElement\":[{\"@type\":\"ListItem\",\"position\":1,\"name\":\"Portada\",\"item\":\"https:\/\/vinsiolisuner.com\/es\/\"},{\"@type\":\"ListItem\",\"position\":2,\"name\":\"PRESENTACI\u00d3N VI SU\u00d1ER AL SOTA DE COPES\"}]},{\"@type\":\"WebSite\",\"@id\":\"https:\/\/vinsiolisuner.com\/#website\",\"url\":\"https:\/\/vinsiolisuner.com\/\",\"name\":\"Vins i Olis Su\u00f1er\",\"description\":\"Vins i Olis Su\u00f1er\",\"potentialAction\":[{\"@type\":\"SearchAction\",\"target\":{\"@type\":\"EntryPoint\",\"urlTemplate\":\"https:\/\/vinsiolisuner.com\/?s={search_term_string}\"},\"query-input\":{\"@type\":\"PropertyValueSpecification\",\"valueRequired\":true,\"valueName\":\"search_term_string\"}}],\"inLanguage\":\"es\"},{\"@type\":\"Person\",\"@id\":\"https:\/\/vinsiolisuner.com\/#\/schema\/person\/740d250858b6cb7aaf0a324a6893c86b\",\"name\":\"vinsiolisuner\",\"image\":{\"@type\":\"ImageObject\",\"inLanguage\":\"es\",\"@id\":\"https:\/\/vinsiolisuner.com\/#\/schema\/person\/image\/\",\"url\":\"https:\/\/secure.gravatar.com\/avatar\/dffe56f1f506d494bf5f66d2149df5349775545f44eeeee6217f6f0a358506ce?s=96&d=mm&r=g\",\"contentUrl\":\"https:\/\/secure.gravatar.com\/avatar\/dffe56f1f506d494bf5f66d2149df5349775545f44eeeee6217f6f0a358506ce?s=96&d=mm&r=g\",\"caption\":\"vinsiolisuner\"},\"url\":\"https:\/\/vinsiolisuner.com\/es\/author\/vinsiolisuner\/\"}]}<\/script>\n<!-- \/ Yoast SEO plugin. -->","yoast_head_json":{"title":"PRESENTACI\u00d3N VI SU\u00d1ER AL SOTA DE COPES | Vins i Olis Su\u00f1er","robots":{"index":"index","follow":"follow","max-snippet":"max-snippet:-1","max-image-preview":"max-image-preview:large","max-video-preview":"max-video-preview:-1"},"canonical":"https:\/\/vinsiolisuner.com\/es\/presentacion-vi-suner-al-sota-de-copes\/","og_locale":"es_ES","og_type":"article","og_title":"PRESENTACI\u00d3N VI SU\u00d1ER AL SOTA DE COPES | Vins i Olis Su\u00f1er","og_description":"El pasado d\u00eda 19 de Abril de 2015 organizamos la primera presentaci\u00f3n de nuestro vino. Esta presentaci\u00f3n se llev\u00f3 a cabo en el emblem\u00e1tico pub SOTA DE COPES de M\u00f3ra d\u2019Ebre. Comenz\u00f3 M\u00aa Alba, en\u00f3loga e hija del propietario Manuel Su\u00f1er, a hacer una breve presentaci\u00f3n de nuestra bodega con unos soporte audiovisual atractivo de","og_url":"https:\/\/vinsiolisuner.com\/es\/presentacion-vi-suner-al-sota-de-copes\/","og_site_name":"Vins i Olis Su\u00f1er","article_published_time":"2017-02-12T13:46:33+00:00","og_image":[{"width":720,"height":302,"url":"https:\/\/vinsiolisuner.com\/wp-content\/uploads\/2015\/04\/aa1.jpg","type":"image\/jpeg"}],"author":"vinsiolisuner","twitter_misc":{"Escrito por":"vinsiolisuner","Tiempo de lectura":"1 minuto"},"schema":{"@context":"https:\/\/schema.org","@graph":[{"@type":"WebPage","@id":"https:\/\/vinsiolisuner.com\/es\/presentacion-vi-suner-al-sota-de-copes\/","url":"https:\/\/vinsiolisuner.com\/es\/presentacion-vi-suner-al-sota-de-copes\/","name":"PRESENTACI\u00d3N VI SU\u00d1ER AL SOTA DE COPES | Vins i Olis Su\u00f1er","isPartOf":{"@id":"https:\/\/vinsiolisuner.com\/#website"},"primaryImageOfPage":{"@id":"https:\/\/vinsiolisuner.com\/es\/presentacion-vi-suner-al-sota-de-copes\/#primaryimage"},"image":{"@id":"https:\/\/vinsiolisuner.com\/es\/presentacion-vi-suner-al-sota-de-copes\/#primaryimage"},"thumbnailUrl":"https:\/\/vinsiolisuner.com\/wp-content\/uploads\/2015\/04\/aa1.jpg","datePublished":"2017-02-12T13:46:33+00:00","author":{"@id":"https:\/\/vinsiolisuner.com\/#\/schema\/person\/740d250858b6cb7aaf0a324a6893c86b"},"breadcrumb":{"@id":"https:\/\/vinsiolisuner.com\/es\/presentacion-vi-suner-al-sota-de-copes\/#breadcrumb"},"inLanguage":"es","potentialAction":[{"@type":"ReadAction","target":["https:\/\/vinsiolisuner.com\/es\/presentacion-vi-suner-al-sota-de-copes\/"]}]},{"@type":"ImageObject","inLanguage":"es","@id":"https:\/\/vinsiolisuner.com\/es\/presentacion-vi-suner-al-sota-de-copes\/#primaryimage","url":"https:\/\/vinsiolisuner.com\/wp-content\/uploads\/2015\/04\/aa1.jpg","contentUrl":"https:\/\/vinsiolisuner.com\/wp-content\/uploads\/2015\/04\/aa1.jpg","width":720,"height":302},{"@type":"BreadcrumbList","@id":"https:\/\/vinsiolisuner.com\/es\/presentacion-vi-suner-al-sota-de-copes\/#breadcrumb","itemListElement":[{"@type":"ListItem","position":1,"name":"Portada","item":"https:\/\/vinsiolisuner.com\/es\/"},{"@type":"ListItem","position":2,"name":"PRESENTACI\u00d3N VI SU\u00d1ER AL SOTA DE COPES"}]},{"@type":"WebSite","@id":"https:\/\/vinsiolisuner.com\/#website","url":"https:\/\/vinsiolisuner.com\/","name":"Vins i Olis Su\u00f1er","description":"Vins i Olis Su\u00f1er","potentialAction":[{"@type":"SearchAction","target":{"@type":"EntryPoint","urlTemplate":"https:\/\/vinsiolisuner.com\/?s={search_term_string}"},"query-input":{"@type":"PropertyValueSpecification","valueRequired":true,"valueName":"search_term_string"}}],"inLanguage":"es"},{"@type":"Person","@id":"https:\/\/vinsiolisuner.com\/#\/schema\/person\/740d250858b6cb7aaf0a324a6893c86b","name":"vinsiolisuner","image":{"@type":"ImageObject","inLanguage":"es","@id":"https:\/\/vinsiolisuner.com\/#\/schema\/person\/image\/","url":"https:\/\/secure.gravatar.com\/avatar\/dffe56f1f506d494bf5f66d2149df5349775545f44eeeee6217f6f0a358506ce?s=96&d=mm&r=g","contentUrl":"https:\/\/secure.gravatar.com\/avatar\/dffe56f1f506d494bf5f66d2149df5349775545f44eeeee6217f6f0a358506ce?s=96&d=mm&r=g","caption":"vinsiolisuner"},"url":"https:\/\/vinsiolisuner.com\/es\/author\/vinsiolisuner\/"}]}},"_links":{"self":[{"href":"https:\/\/vinsiolisuner.com\/es\/wp-json\/wp\/v2\/posts\/15414","targetHints":{"allow":["GET"]}}],"collection":[{"href":"https:\/\/vinsiolisuner.com\/es\/wp-json\/wp\/v2\/posts"}],"about":[{"href":"https:\/\/vinsiolisuner.com\/es\/wp-json\/wp\/v2\/types\/post"}],"author":[{"embeddable":true,"href":"https:\/\/vinsiolisuner.com\/es\/wp-json\/wp\/v2\/users\/1"}],"replies":[{"embeddable":true,"href":"https:\/\/vinsiolisuner.com\/es\/wp-json\/wp\/v2\/comments?post=15414"}],"version-history":[{"count":0,"href":"https:\/\/vinsiolisuner.com\/es\/wp-json\/wp\/v2\/posts\/15414\/revisions"}],"wp:featuredmedia":[{"embeddable":true,"href":"https:\/\/vinsiolisuner.com\/es\/wp-json\/wp\/v2\/media\/15422"}],"wp:attachment":[{"href":"https:\/\/vinsiolisuner.com\/es\/wp-json\/wp\/v2\/media?parent=15414"}],"wp:term":[{"taxonomy":"category","embeddable":true,"href":"https:\/\/vinsiolisuner.com\/es\/wp-json\/wp\/v2\/categories?post=15414"},{"taxonomy":"post_tag","embeddable":true,"href":"https:\/\/vinsiolisuner.com\/es\/wp-json\/wp\/v2\/tags?post=15414"}],"curies":[{"name":"wp","href":"https:\/\/api.w.org\/{rel}","templated":true}]}}