{"id":15454,"date":"2015-06-16T20:11:17","date_gmt":"2017-02-12T13:50:32","guid":{"rendered":"http:\/\/vinsiolisuner.com\/feria-denominacion-de-origen-tarragona-2015\/"},"modified":"2017-02-12T15:50:32","modified_gmt":"2017-02-12T13:50:32","slug":"feria-denominacion-de-origen-tarragona-2015","status":"publish","type":"post","link":"https:\/\/vinsiolisuner.com\/es\/feria-denominacion-de-origen-tarragona-2015\/","title":{"rendered":"FERIA DENOMINACI\u00d3N DE ORIGEN TARRAGONA 2015"},"content":{"rendered":"<p>El viernes 12 de junio la DO Tarragona abri\u00f3 oficialmente la XVII edici\u00f3n de esta cita imprescindible para los amantes del vino y lo hizo con el acto de entrega de los premios del Concurso de vinos embotellados de la DO Tarragona. Tuvo lugar en los jardines del Teatro Metropol con la presencia de representantes de las bodegas, autoridades y p\u00fablico en general.<\/p>\n<p>Este concurso se hizo hace unas semanas con una cata a ciegas en la Facultad de Enolog\u00eda de la URV, entre en\u00f3logos, sommellers y periodistas especializados. Nuestro vino Tinto Merlot 2014 sali\u00f3 galardonado con el primer premio de la categor\u00eda Tinto Joven. Reconocimientos como estos nos hacen sentir satisfechos por el trabajo bien hecho y nos motiva a seguir adelante con nuestros proyectos.<\/p>\n<p>El resto de los premiados fueron Mas Vicen\u00e7 de Cabra del Camp, Vinos Padr\u00f3, Adernats-Vin\u00edcola de Nulles, Vinya Janine de Rodony\u00e0, Bodega Mas Bella de Masmolets, Bodegas Uni\u00f3n de Reus, Bodega 9+ de La Nou de Gai\u00e0, y Bodega Mas del Bot\u00f3n de Alforja. Desde aqu\u00ed queremos dar la enhorabuena a todos ellos.<\/p>\n<p>La Feria, donde estuvo presente con un stand compartido con Cavas Magriny\u00e0 Calaf, fue un \u00e9xito de participaci\u00f3n. El p\u00fablico, en general, se mostr\u00f3 muy interesado en probar nuestros vinos, en concreto el vino premiado tinto joven merlot, sirviendo 764 catas en el total de la feria.<\/p>\n<p>La elaboraci\u00f3n del Mojirog\u00eds tambi\u00e9n tuvo que ver en la afluencia de p\u00fablico. Un mojito hecho con nuestro vino Rogier que gust\u00f3 mucho. Creemos que fue una buena apuesta para el aperitivo y para dinamizar nuestro stand en esta hora que normalmente es m\u00e1s floja de p\u00fablico.<\/p>\n<style type=\"text\/css\">\r\n\t\t\t\t#gallery-1 {\r\n\t\t\t\t\tmargin: auto;\r\n\t\t\t\t}\r\n\t\t\t\t#gallery-1 .gallery-item {\r\n\t\t\t\t\tfloat: left;\r\n\t\t\t\t\tmargin-top: 10px;\r\n\t\t\t\t\ttext-align: center;\r\n\t\t\t\t\twidth: 33%;\r\n\t\t\t\t}\r\n\t\t\t\t#gallery-1 .gallery-caption {\r\n\t\t\t\t\tmargin-left: 0;\r\n\t\t\t\t}\r\n\t\t\t<\/style><!-- see gallery_shortcode() in wp-includes\/media.php -->\r\n\t\t\t\n\t\t<div id=\"gallery-1\" class=\"gallery galleryid-15454 mfp-gallery mfp-gallery--images gallery-columns-3 gallery-size-full\"><div class=\"row zn_image_gallery \"><div class=\"col-sm-6 col-md-4 col-lg-4\"><a href=\"https:\/\/vinsiolisuner.com\/wp-content\/uploads\/2015\/06\/FiraDOT20150612_100.jpg\" title=\"\" class=\"hoverBorder\"><img loading=\"lazy\" decoding=\"async\" width=\"800\" height=\"527\" src=\"https:\/\/vinsiolisuner.com\/wp-content\/uploads\/2015\/06\/FiraDOT20150612_100.jpg\" class=\"attachment-full size-full\" alt=\"\" size=\"full\" ids=\"791,789,790,788,821,793,794,792\" orderby=\"post__in\" include=\"791,789,790,788,821,793,794,792\" srcset=\"https:\/\/vinsiolisuner.com\/wp-content\/uploads\/2015\/06\/FiraDOT20150612_100.jpg 800w, https:\/\/vinsiolisuner.com\/wp-content\/uploads\/2015\/06\/FiraDOT20150612_100-265x175.jpg 265w, https:\/\/vinsiolisuner.com\/wp-content\/uploads\/2015\/06\/FiraDOT20150612_100-300x198.jpg 300w, https:\/\/vinsiolisuner.com\/wp-content\/uploads\/2015\/06\/FiraDOT20150612_100-280x184.jpg 280w\" sizes=\"auto, (max-width: 800px) 100vw, 800px\" \/><span class=\"gallery_caption\"><\/span><\/a><\/div><div class=\"col-sm-6 col-md-4 col-lg-4\"><a href=\"https:\/\/vinsiolisuner.com\/wp-content\/uploads\/2015\/06\/FiraDOT20150612_130.jpg\" title=\"\" class=\"hoverBorder\"><img loading=\"lazy\" decoding=\"async\" width=\"800\" height=\"527\" src=\"https:\/\/vinsiolisuner.com\/wp-content\/uploads\/2015\/06\/FiraDOT20150612_130.jpg\" class=\"attachment-full size-full\" alt=\"\" size=\"full\" ids=\"791,789,790,788,821,793,794,792\" orderby=\"post__in\" include=\"791,789,790,788,821,793,794,792\" srcset=\"https:\/\/vinsiolisuner.com\/wp-content\/uploads\/2015\/06\/FiraDOT20150612_130.jpg 800w, https:\/\/vinsiolisuner.com\/wp-content\/uploads\/2015\/06\/FiraDOT20150612_130-265x175.jpg 265w, https:\/\/vinsiolisuner.com\/wp-content\/uploads\/2015\/06\/FiraDOT20150612_130-300x198.jpg 300w, https:\/\/vinsiolisuner.com\/wp-content\/uploads\/2015\/06\/FiraDOT20150612_130-280x184.jpg 280w\" sizes=\"auto, (max-width: 800px) 100vw, 800px\" \/><span class=\"gallery_caption\"><\/span><\/a><\/div><div class=\"col-sm-6 col-md-4 col-lg-4\"><a href=\"https:\/\/vinsiolisuner.com\/wp-content\/uploads\/2015\/06\/FiraDOT20150612_120.jpg\" title=\"\" class=\"hoverBorder\"><img loading=\"lazy\" decoding=\"async\" width=\"800\" height=\"436\" src=\"https:\/\/vinsiolisuner.com\/wp-content\/uploads\/2015\/06\/FiraDOT20150612_120.jpg\" class=\"attachment-full size-full\" alt=\"\" size=\"full\" ids=\"791,789,790,788,821,793,794,792\" orderby=\"post__in\" include=\"791,789,790,788,821,793,794,792\" srcset=\"https:\/\/vinsiolisuner.com\/wp-content\/uploads\/2015\/06\/FiraDOT20150612_120.jpg 800w, https:\/\/vinsiolisuner.com\/wp-content\/uploads\/2015\/06\/FiraDOT20150612_120-265x144.jpg 265w, https:\/\/vinsiolisuner.com\/wp-content\/uploads\/2015\/06\/FiraDOT20150612_120-300x164.jpg 300w, https:\/\/vinsiolisuner.com\/wp-content\/uploads\/2015\/06\/FiraDOT20150612_120-280x153.jpg 280w\" sizes=\"auto, (max-width: 800px) 100vw, 800px\" \/><span class=\"gallery_caption\"><\/span><\/a><\/div><\/div><div class=\"row zn_image_gallery \"><div class=\"col-sm-6 col-md-4 col-lg-4\"><a href=\"https:\/\/vinsiolisuner.com\/wp-content\/uploads\/2015\/06\/2015-06-12-20.27.34.jpg\" title=\"\" class=\"hoverBorder\"><img loading=\"lazy\" decoding=\"async\" width=\"480\" height=\"640\" src=\"https:\/\/vinsiolisuner.com\/wp-content\/uploads\/2015\/06\/2015-06-12-20.27.34.jpg\" class=\"attachment-full size-full\" alt=\"\" size=\"full\" ids=\"791,789,790,788,821,793,794,792\" orderby=\"post__in\" include=\"791,789,790,788,821,793,794,792\" srcset=\"https:\/\/vinsiolisuner.com\/wp-content\/uploads\/2015\/06\/2015-06-12-20.27.34.jpg 480w, https:\/\/vinsiolisuner.com\/wp-content\/uploads\/2015\/06\/2015-06-12-20.27.34-265x353.jpg 265w, https:\/\/vinsiolisuner.com\/wp-content\/uploads\/2015\/06\/2015-06-12-20.27.34-225x300.jpg 225w, https:\/\/vinsiolisuner.com\/wp-content\/uploads\/2015\/06\/2015-06-12-20.27.34-140x187.jpg 140w\" sizes=\"auto, (max-width: 480px) 100vw, 480px\" \/><span class=\"gallery_caption\"><\/span><\/a><\/div><div class=\"col-sm-6 col-md-4 col-lg-4\"><a href=\"https:\/\/vinsiolisuner.com\/wp-content\/uploads\/2015\/06\/premi1.jpg\" title=\"\" class=\"hoverBorder\"><img loading=\"lazy\" decoding=\"async\" width=\"518\" height=\"768\" src=\"https:\/\/vinsiolisuner.com\/wp-content\/uploads\/2015\/06\/premi1.jpg\" class=\"attachment-full size-full\" alt=\"\" size=\"full\" ids=\"791,789,790,788,821,793,794,792\" orderby=\"post__in\" include=\"791,789,790,788,821,793,794,792\" srcset=\"https:\/\/vinsiolisuner.com\/wp-content\/uploads\/2015\/06\/premi1.jpg 518w, https:\/\/vinsiolisuner.com\/wp-content\/uploads\/2015\/06\/premi1-265x393.jpg 265w, https:\/\/vinsiolisuner.com\/wp-content\/uploads\/2015\/06\/premi1-202x300.jpg 202w, https:\/\/vinsiolisuner.com\/wp-content\/uploads\/2015\/06\/premi1-126x187.jpg 126w\" sizes=\"auto, (max-width: 518px) 100vw, 518px\" \/><span class=\"gallery_caption\"><\/span><\/a><\/div><div class=\"col-sm-6 col-md-4 col-lg-4\"><a href=\"https:\/\/vinsiolisuner.com\/wp-content\/uploads\/2015\/06\/premi.jpg\" title=\"\" class=\"hoverBorder\"><img loading=\"lazy\" decoding=\"async\" width=\"720\" height=\"960\" src=\"https:\/\/vinsiolisuner.com\/wp-content\/uploads\/2015\/06\/premi.jpg\" class=\"attachment-full size-full\" alt=\"\" size=\"full\" ids=\"791,789,790,788,821,793,794,792\" orderby=\"post__in\" include=\"791,789,790,788,821,793,794,792\" srcset=\"https:\/\/vinsiolisuner.com\/wp-content\/uploads\/2015\/06\/premi.jpg 720w, https:\/\/vinsiolisuner.com\/wp-content\/uploads\/2015\/06\/premi-265x353.jpg 265w, https:\/\/vinsiolisuner.com\/wp-content\/uploads\/2015\/06\/premi-225x300.jpg 225w, https:\/\/vinsiolisuner.com\/wp-content\/uploads\/2015\/06\/premi-140x187.jpg 140w\" sizes=\"auto, (max-width: 720px) 100vw, 720px\" \/><span class=\"gallery_caption\"><\/span><\/a><\/div><\/div><div class=\"row zn_image_gallery \"><div class=\"col-sm-6 col-md-4 col-lg-4\"><a href=\"https:\/\/vinsiolisuner.com\/wp-content\/uploads\/2015\/06\/mojirog\u00eds.jpg\" title=\"\" class=\"hoverBorder\"><img loading=\"lazy\" decoding=\"async\" width=\"640\" height=\"640\" src=\"https:\/\/vinsiolisuner.com\/wp-content\/uploads\/2015\/06\/mojirog\u00eds.jpg\" class=\"attachment-full size-full\" alt=\"\" size=\"full\" ids=\"791,789,790,788,821,793,794,792\" orderby=\"post__in\" include=\"791,789,790,788,821,793,794,792\" srcset=\"https:\/\/vinsiolisuner.com\/wp-content\/uploads\/2015\/06\/mojirog\u00eds.jpg 640w, https:\/\/vinsiolisuner.com\/wp-content\/uploads\/2015\/06\/mojirog\u00eds-270x270.jpg 270w, https:\/\/vinsiolisuner.com\/wp-content\/uploads\/2015\/06\/mojirog\u00eds-100x100.jpg 100w, https:\/\/vinsiolisuner.com\/wp-content\/uploads\/2015\/06\/mojirog\u00eds-265x265.jpg 265w, https:\/\/vinsiolisuner.com\/wp-content\/uploads\/2015\/06\/mojirog\u00eds-150x150.jpg 150w, https:\/\/vinsiolisuner.com\/wp-content\/uploads\/2015\/06\/mojirog\u00eds-300x300.jpg 300w, https:\/\/vinsiolisuner.com\/wp-content\/uploads\/2015\/06\/mojirog\u00eds-187x187.jpg 187w\" sizes=\"auto, (max-width: 640px) 100vw, 640px\" \/><span class=\"gallery_caption\"><\/span><\/a><\/div><div class=\"col-sm-6 col-md-4 col-lg-4\"><a href=\"https:\/\/vinsiolisuner.com\/wp-content\/uploads\/2015\/06\/fira.jpg\" title=\"\" class=\"hoverBorder\"><img loading=\"lazy\" decoding=\"async\" width=\"500\" height=\"333\" src=\"https:\/\/vinsiolisuner.com\/wp-content\/uploads\/2015\/06\/fira.jpg\" class=\"attachment-full size-full\" alt=\"\" size=\"full\" ids=\"791,789,790,788,821,793,794,792\" orderby=\"post__in\" include=\"791,789,790,788,821,793,794,792\" srcset=\"https:\/\/vinsiolisuner.com\/wp-content\/uploads\/2015\/06\/fira.jpg 500w, https:\/\/vinsiolisuner.com\/wp-content\/uploads\/2015\/06\/fira-265x176.jpg 265w, https:\/\/vinsiolisuner.com\/wp-content\/uploads\/2015\/06\/fira-300x200.jpg 300w, https:\/\/vinsiolisuner.com\/wp-content\/uploads\/2015\/06\/fira-280x187.jpg 280w\" sizes=\"auto, (max-width: 500px) 100vw, 500px\" \/><span class=\"gallery_caption\"><\/span><\/a><\/div><\/div><\/div>\n","protected":false},"excerpt":{"rendered":"<p>El viernes 12 de junio la DO Tarragona abri\u00f3 oficialmente la XVII edici\u00f3n de esta cita imprescindible para los amantes del vino y lo hizo con el acto de entrega de los premios del Concurso de vinos embotellados de la DO Tarragona. Tuvo lugar en los jardines del Teatro Metropol con la presencia de representantes<\/p>\n","protected":false},"author":1,"featured_media":15461,"comment_status":"closed","ping_status":"open","sticky":false,"template":"","format":"standard","meta":{"footnotes":""},"categories":[726],"tags":[766,767,763,757,765],"class_list":["post-15454","post","type-post","status-publish","format-standard","has-post-thumbnail","hentry","category-blog-es","tag-firadotarragona-es","tag-loriufavi-es","tag-merlot-es","tag-suner-es","tag-tarragona-es","prodpage-classic"],"yoast_head":"<!-- This site is optimized with the Yoast SEO plugin v25.2 - https:\/\/yoast.com\/wordpress\/plugins\/seo\/ -->\n<title>FERIA DENOMINACI\u00d3N DE ORIGEN TARRAGONA 2015 | Vins i Olis Su\u00f1er<\/title>\n<meta name=\"robots\" content=\"index, follow, max-snippet:-1, max-image-preview:large, max-video-preview:-1\" \/>\n<link rel=\"canonical\" href=\"https:\/\/vinsiolisuner.com\/es\/feria-denominacion-de-origen-tarragona-2015\/\" \/>\n<meta property=\"og:locale\" content=\"es_ES\" \/>\n<meta property=\"og:type\" content=\"article\" \/>\n<meta property=\"og:title\" content=\"FERIA DENOMINACI\u00d3N DE ORIGEN TARRAGONA 2015 | Vins i Olis Su\u00f1er\" \/>\n<meta property=\"og:description\" content=\"El viernes 12 de junio la DO Tarragona abri\u00f3 oficialmente la XVII edici\u00f3n de esta cita imprescindible para los amantes del vino y lo hizo con el acto de entrega de los premios del Concurso de vinos embotellados de la DO Tarragona. Tuvo lugar en los jardines del Teatro Metropol con la presencia de representantes\" \/>\n<meta property=\"og:url\" content=\"https:\/\/vinsiolisuner.com\/es\/feria-denominacion-de-origen-tarragona-2015\/\" \/>\n<meta property=\"og:site_name\" content=\"Vins i Olis Su\u00f1er\" \/>\n<meta property=\"article:published_time\" content=\"2017-02-12T13:50:32+00:00\" \/>\n<meta property=\"og:image\" content=\"https:\/\/vinsiolisuner.com\/wp-content\/uploads\/2015\/06\/premi.jpg\" \/>\n\t<meta property=\"og:image:width\" content=\"720\" \/>\n\t<meta property=\"og:image:height\" content=\"960\" \/>\n\t<meta property=\"og:image:type\" content=\"image\/jpeg\" \/>\n<meta name=\"author\" content=\"vinsiolisuner\" \/>\n<meta name=\"twitter:label1\" content=\"Escrito por\" \/>\n\t<meta name=\"twitter:data1\" content=\"vinsiolisuner\" \/>\n\t<meta name=\"twitter:label2\" content=\"Tiempo de lectura\" \/>\n\t<meta name=\"twitter:data2\" content=\"1 minuto\" \/>\n<script type=\"application\/ld+json\" class=\"yoast-schema-graph\">{\"@context\":\"https:\/\/schema.org\",\"@graph\":[{\"@type\":\"WebPage\",\"@id\":\"https:\/\/vinsiolisuner.com\/es\/feria-denominacion-de-origen-tarragona-2015\/\",\"url\":\"https:\/\/vinsiolisuner.com\/es\/feria-denominacion-de-origen-tarragona-2015\/\",\"name\":\"FERIA DENOMINACI\u00d3N DE ORIGEN TARRAGONA 2015 | Vins i Olis Su\u00f1er\",\"isPartOf\":{\"@id\":\"https:\/\/vinsiolisuner.com\/#website\"},\"primaryImageOfPage\":{\"@id\":\"https:\/\/vinsiolisuner.com\/es\/feria-denominacion-de-origen-tarragona-2015\/#primaryimage\"},\"image\":{\"@id\":\"https:\/\/vinsiolisuner.com\/es\/feria-denominacion-de-origen-tarragona-2015\/#primaryimage\"},\"thumbnailUrl\":\"https:\/\/vinsiolisuner.com\/wp-content\/uploads\/2015\/06\/premi.jpg\",\"datePublished\":\"2017-02-12T13:50:32+00:00\",\"author\":{\"@id\":\"https:\/\/vinsiolisuner.com\/#\/schema\/person\/740d250858b6cb7aaf0a324a6893c86b\"},\"breadcrumb\":{\"@id\":\"https:\/\/vinsiolisuner.com\/es\/feria-denominacion-de-origen-tarragona-2015\/#breadcrumb\"},\"inLanguage\":\"es\",\"potentialAction\":[{\"@type\":\"ReadAction\",\"target\":[\"https:\/\/vinsiolisuner.com\/es\/feria-denominacion-de-origen-tarragona-2015\/\"]}]},{\"@type\":\"ImageObject\",\"inLanguage\":\"es\",\"@id\":\"https:\/\/vinsiolisuner.com\/es\/feria-denominacion-de-origen-tarragona-2015\/#primaryimage\",\"url\":\"https:\/\/vinsiolisuner.com\/wp-content\/uploads\/2015\/06\/premi.jpg\",\"contentUrl\":\"https:\/\/vinsiolisuner.com\/wp-content\/uploads\/2015\/06\/premi.jpg\",\"width\":720,\"height\":960},{\"@type\":\"BreadcrumbList\",\"@id\":\"https:\/\/vinsiolisuner.com\/es\/feria-denominacion-de-origen-tarragona-2015\/#breadcrumb\",\"itemListElement\":[{\"@type\":\"ListItem\",\"position\":1,\"name\":\"Portada\",\"item\":\"https:\/\/vinsiolisuner.com\/es\/\"},{\"@type\":\"ListItem\",\"position\":2,\"name\":\"FERIA DENOMINACI\u00d3N DE ORIGEN TARRAGONA 2015\"}]},{\"@type\":\"WebSite\",\"@id\":\"https:\/\/vinsiolisuner.com\/#website\",\"url\":\"https:\/\/vinsiolisuner.com\/\",\"name\":\"Vins i Olis Su\u00f1er\",\"description\":\"Vins i Olis Su\u00f1er\",\"potentialAction\":[{\"@type\":\"SearchAction\",\"target\":{\"@type\":\"EntryPoint\",\"urlTemplate\":\"https:\/\/vinsiolisuner.com\/?s={search_term_string}\"},\"query-input\":{\"@type\":\"PropertyValueSpecification\",\"valueRequired\":true,\"valueName\":\"search_term_string\"}}],\"inLanguage\":\"es\"},{\"@type\":\"Person\",\"@id\":\"https:\/\/vinsiolisuner.com\/#\/schema\/person\/740d250858b6cb7aaf0a324a6893c86b\",\"name\":\"vinsiolisuner\",\"image\":{\"@type\":\"ImageObject\",\"inLanguage\":\"es\",\"@id\":\"https:\/\/vinsiolisuner.com\/#\/schema\/person\/image\/\",\"url\":\"https:\/\/secure.gravatar.com\/avatar\/dffe56f1f506d494bf5f66d2149df5349775545f44eeeee6217f6f0a358506ce?s=96&d=mm&r=g\",\"contentUrl\":\"https:\/\/secure.gravatar.com\/avatar\/dffe56f1f506d494bf5f66d2149df5349775545f44eeeee6217f6f0a358506ce?s=96&d=mm&r=g\",\"caption\":\"vinsiolisuner\"},\"url\":\"https:\/\/vinsiolisuner.com\/es\/author\/vinsiolisuner\/\"}]}<\/script>\n<!-- \/ Yoast SEO plugin. -->","yoast_head_json":{"title":"FERIA DENOMINACI\u00d3N DE ORIGEN TARRAGONA 2015 | Vins i Olis Su\u00f1er","robots":{"index":"index","follow":"follow","max-snippet":"max-snippet:-1","max-image-preview":"max-image-preview:large","max-video-preview":"max-video-preview:-1"},"canonical":"https:\/\/vinsiolisuner.com\/es\/feria-denominacion-de-origen-tarragona-2015\/","og_locale":"es_ES","og_type":"article","og_title":"FERIA DENOMINACI\u00d3N DE ORIGEN TARRAGONA 2015 | Vins i Olis Su\u00f1er","og_description":"El viernes 12 de junio la DO Tarragona abri\u00f3 oficialmente la XVII edici\u00f3n de esta cita imprescindible para los amantes del vino y lo hizo con el acto de entrega de los premios del Concurso de vinos embotellados de la DO Tarragona. Tuvo lugar en los jardines del Teatro Metropol con la presencia de representantes","og_url":"https:\/\/vinsiolisuner.com\/es\/feria-denominacion-de-origen-tarragona-2015\/","og_site_name":"Vins i Olis Su\u00f1er","article_published_time":"2017-02-12T13:50:32+00:00","og_image":[{"width":720,"height":960,"url":"https:\/\/vinsiolisuner.com\/wp-content\/uploads\/2015\/06\/premi.jpg","type":"image\/jpeg"}],"author":"vinsiolisuner","twitter_misc":{"Escrito por":"vinsiolisuner","Tiempo de lectura":"1 minuto"},"schema":{"@context":"https:\/\/schema.org","@graph":[{"@type":"WebPage","@id":"https:\/\/vinsiolisuner.com\/es\/feria-denominacion-de-origen-tarragona-2015\/","url":"https:\/\/vinsiolisuner.com\/es\/feria-denominacion-de-origen-tarragona-2015\/","name":"FERIA DENOMINACI\u00d3N DE ORIGEN TARRAGONA 2015 | Vins i Olis Su\u00f1er","isPartOf":{"@id":"https:\/\/vinsiolisuner.com\/#website"},"primaryImageOfPage":{"@id":"https:\/\/vinsiolisuner.com\/es\/feria-denominacion-de-origen-tarragona-2015\/#primaryimage"},"image":{"@id":"https:\/\/vinsiolisuner.com\/es\/feria-denominacion-de-origen-tarragona-2015\/#primaryimage"},"thumbnailUrl":"https:\/\/vinsiolisuner.com\/wp-content\/uploads\/2015\/06\/premi.jpg","datePublished":"2017-02-12T13:50:32+00:00","author":{"@id":"https:\/\/vinsiolisuner.com\/#\/schema\/person\/740d250858b6cb7aaf0a324a6893c86b"},"breadcrumb":{"@id":"https:\/\/vinsiolisuner.com\/es\/feria-denominacion-de-origen-tarragona-2015\/#breadcrumb"},"inLanguage":"es","potentialAction":[{"@type":"ReadAction","target":["https:\/\/vinsiolisuner.com\/es\/feria-denominacion-de-origen-tarragona-2015\/"]}]},{"@type":"ImageObject","inLanguage":"es","@id":"https:\/\/vinsiolisuner.com\/es\/feria-denominacion-de-origen-tarragona-2015\/#primaryimage","url":"https:\/\/vinsiolisuner.com\/wp-content\/uploads\/2015\/06\/premi.jpg","contentUrl":"https:\/\/vinsiolisuner.com\/wp-content\/uploads\/2015\/06\/premi.jpg","width":720,"height":960},{"@type":"BreadcrumbList","@id":"https:\/\/vinsiolisuner.com\/es\/feria-denominacion-de-origen-tarragona-2015\/#breadcrumb","itemListElement":[{"@type":"ListItem","position":1,"name":"Portada","item":"https:\/\/vinsiolisuner.com\/es\/"},{"@type":"ListItem","position":2,"name":"FERIA DENOMINACI\u00d3N DE ORIGEN TARRAGONA 2015"}]},{"@type":"WebSite","@id":"https:\/\/vinsiolisuner.com\/#website","url":"https:\/\/vinsiolisuner.com\/","name":"Vins i Olis Su\u00f1er","description":"Vins i Olis Su\u00f1er","potentialAction":[{"@type":"SearchAction","target":{"@type":"EntryPoint","urlTemplate":"https:\/\/vinsiolisuner.com\/?s={search_term_string}"},"query-input":{"@type":"PropertyValueSpecification","valueRequired":true,"valueName":"search_term_string"}}],"inLanguage":"es"},{"@type":"Person","@id":"https:\/\/vinsiolisuner.com\/#\/schema\/person\/740d250858b6cb7aaf0a324a6893c86b","name":"vinsiolisuner","image":{"@type":"ImageObject","inLanguage":"es","@id":"https:\/\/vinsiolisuner.com\/#\/schema\/person\/image\/","url":"https:\/\/secure.gravatar.com\/avatar\/dffe56f1f506d494bf5f66d2149df5349775545f44eeeee6217f6f0a358506ce?s=96&d=mm&r=g","contentUrl":"https:\/\/secure.gravatar.com\/avatar\/dffe56f1f506d494bf5f66d2149df5349775545f44eeeee6217f6f0a358506ce?s=96&d=mm&r=g","caption":"vinsiolisuner"},"url":"https:\/\/vinsiolisuner.com\/es\/author\/vinsiolisuner\/"}]}},"_links":{"self":[{"href":"https:\/\/vinsiolisuner.com\/es\/wp-json\/wp\/v2\/posts\/15454","targetHints":{"allow":["GET"]}}],"collection":[{"href":"https:\/\/vinsiolisuner.com\/es\/wp-json\/wp\/v2\/posts"}],"about":[{"href":"https:\/\/vinsiolisuner.com\/es\/wp-json\/wp\/v2\/types\/post"}],"author":[{"embeddable":true,"href":"https:\/\/vinsiolisuner.com\/es\/wp-json\/wp\/v2\/users\/1"}],"replies":[{"embeddable":true,"href":"https:\/\/vinsiolisuner.com\/es\/wp-json\/wp\/v2\/comments?post=15454"}],"version-history":[{"count":0,"href":"https:\/\/vinsiolisuner.com\/es\/wp-json\/wp\/v2\/posts\/15454\/revisions"}],"wp:featuredmedia":[{"embeddable":true,"href":"https:\/\/vinsiolisuner.com\/es\/wp-json\/wp\/v2\/media\/15461"}],"wp:attachment":[{"href":"https:\/\/vinsiolisuner.com\/es\/wp-json\/wp\/v2\/media?parent=15454"}],"wp:term":[{"taxonomy":"category","embeddable":true,"href":"https:\/\/vinsiolisuner.com\/es\/wp-json\/wp\/v2\/categories?post=15454"},{"taxonomy":"post_tag","embeddable":true,"href":"https:\/\/vinsiolisuner.com\/es\/wp-json\/wp\/v2\/tags?post=15454"}],"curies":[{"name":"wp","href":"https:\/\/api.w.org\/{rel}","templated":true}]}}