{"id":15471,"date":"2016-07-22T12:40:40","date_gmt":"2017-02-12T13:52:33","guid":{"rendered":"http:\/\/vinsiolisuner.com\/feria-do-tarragona-2016\/"},"modified":"2017-02-12T15:52:33","modified_gmt":"2017-02-12T13:52:33","slug":"feria-do-tarragona-2016","status":"publish","type":"post","link":"https:\/\/vinsiolisuner.com\/es\/feria-do-tarragona-2016\/","title":{"rendered":"FERIA DO TARRAGONA 2016"},"content":{"rendered":"<p>El pasado jueves 2 de junio se celebr\u00f3 el acto de entrega de premios de la XXIIa edici\u00f3n del Concurso de vinos embotellados de la DO Tarragona. El Su\u00f1er Merlot sali\u00f3 galardonado con el primer premio de la categor\u00eda de negro envejecido en madera.<\/p>\n<p>Las catas a ciegas de los cerca de 90 vinos presentados, tuvieron lugar hace unas semanas en la Facultad de Enolog\u00eda de la URV con un jurado formado por una veintena de personas bajo la direcci\u00f3n de Montse Nadal, profesora de Enolog\u00eda de la URV. Los premios, divididos en 9 categor\u00edas, han quedado repartidos entre 11 bodegas de la D.O. Tarragona.<\/p>\n<p>El acto de entrega, celebrado en el Tinglado 1, fue presidido por el presidente de la DO Tarragona, Josep Llu\u00eds Grogu\u00e9s, que estuvo acompa\u00f1ado por Joan Besora, director de desarrollo del Puerto de Tarragona; Elvira Ferrando, primera teniente de alcalde de Tarragona; Oscar Peris, delegado del gobierno de la Generalitat; y otros concejales, representantes de la Generalitat en Tarragona y representantes de las bodegas, adem\u00e1s de una representaci\u00f3n del jurado y miembros del Consejo Regulador de la DO Tarragona.<\/p>\n<p>Fuente: D.O. Tarragona<\/p>\n<p>La Feria abri\u00f3 sus puertas con el tradicional paseo de las autoridades que fue encabezado por el director general del Incavi, Salvador Puig; el presidente de la DO Tarragona, Josep Llu\u00eds Grogu\u00e9s; el delegado del Gobierno, Oscar Peris y la concejala de Servicios a las Personas del Ayuntamiento de Tarragona, Anna Santos, adem\u00e1s de otras autoridades, miembros del Consejo y tambi\u00e9n patrocinadores.<\/p>\n<p>La Feria del Vino de la DO Tarragona tuvo una alta participaci\u00f3n, superando los 26.000 catas. En nuestro stand servimos 960 catas entre Negro Merlot, Rosado Merlot, Sinverg\u00fcenza y Acacia, un nuevo vino de Su\u00f1er, que presentamos en la feria.<\/p>\n<style type=\"text\/css\">\r\n\t\t\t\t#gallery-1 {\r\n\t\t\t\t\tmargin: auto;\r\n\t\t\t\t}\r\n\t\t\t\t#gallery-1 .gallery-item {\r\n\t\t\t\t\tfloat: left;\r\n\t\t\t\t\tmargin-top: 10px;\r\n\t\t\t\t\ttext-align: center;\r\n\t\t\t\t\twidth: 33%;\r\n\t\t\t\t}\r\n\t\t\t\t#gallery-1 .gallery-caption {\r\n\t\t\t\t\tmargin-left: 0;\r\n\t\t\t\t}\r\n\t\t\t<\/style><!-- see gallery_shortcode() in wp-includes\/media.php -->\r\n\t\t\t\n\t\t<div id=\"gallery-1\" class=\"gallery galleryid-15471 mfp-gallery mfp-gallery--images gallery-columns-3 gallery-size-medium\"><div class=\"row zn_image_gallery \"><div class=\"col-sm-6 col-md-4 col-lg-4\"><a href=\"https:\/\/vinsiolisuner.com\/wp-content\/uploads\/2016\/07\/20160602FiraDOT0281.jpg\" title=\"\" class=\"hoverBorder\"><img loading=\"lazy\" decoding=\"async\" width=\"300\" height=\"204\" src=\"https:\/\/vinsiolisuner.com\/wp-content\/uploads\/2016\/07\/20160602FiraDOT0281-300x204.jpg\" class=\"attachment-medium size-medium\" alt=\"\" size=\"medium\" ids=\"15171,15172,15173\" orderby=\"post__in\" include=\"15171,15172,15173\" srcset=\"https:\/\/vinsiolisuner.com\/wp-content\/uploads\/2016\/07\/20160602FiraDOT0281-300x204.jpg 300w, https:\/\/vinsiolisuner.com\/wp-content\/uploads\/2016\/07\/20160602FiraDOT0281-265x181.jpg 265w, https:\/\/vinsiolisuner.com\/wp-content\/uploads\/2016\/07\/20160602FiraDOT0281-1024x698.jpg 1024w, https:\/\/vinsiolisuner.com\/wp-content\/uploads\/2016\/07\/20160602FiraDOT0281-275x187.jpg 275w, https:\/\/vinsiolisuner.com\/wp-content\/uploads\/2016\/07\/20160602FiraDOT0281-1170x797.jpg 1170w, https:\/\/vinsiolisuner.com\/wp-content\/uploads\/2016\/07\/20160602FiraDOT0281.jpg 1468w\" sizes=\"auto, (max-width: 300px) 100vw, 300px\" \/><span class=\"gallery_caption\"><\/span><\/a><\/div><div class=\"col-sm-6 col-md-4 col-lg-4\"><a href=\"https:\/\/vinsiolisuner.com\/wp-content\/uploads\/2016\/07\/20160602FiraDOT0851.jpg\" title=\"\" class=\"hoverBorder\"><img loading=\"lazy\" decoding=\"async\" width=\"300\" height=\"200\" src=\"https:\/\/vinsiolisuner.com\/wp-content\/uploads\/2016\/07\/20160602FiraDOT0851-300x200.jpg\" class=\"attachment-medium size-medium\" alt=\"\" size=\"medium\" ids=\"15171,15172,15173\" orderby=\"post__in\" include=\"15171,15172,15173\" srcset=\"https:\/\/vinsiolisuner.com\/wp-content\/uploads\/2016\/07\/20160602FiraDOT0851-300x200.jpg 300w, https:\/\/vinsiolisuner.com\/wp-content\/uploads\/2016\/07\/20160602FiraDOT0851-265x177.jpg 265w, https:\/\/vinsiolisuner.com\/wp-content\/uploads\/2016\/07\/20160602FiraDOT0851-1024x683.jpg 1024w, https:\/\/vinsiolisuner.com\/wp-content\/uploads\/2016\/07\/20160602FiraDOT0851-280x187.jpg 280w, https:\/\/vinsiolisuner.com\/wp-content\/uploads\/2016\/07\/20160602FiraDOT0851-1170x780.jpg 1170w, https:\/\/vinsiolisuner.com\/wp-content\/uploads\/2016\/07\/20160602FiraDOT0851.jpg 1500w\" sizes=\"auto, (max-width: 300px) 100vw, 300px\" \/><span class=\"gallery_caption\"><\/span><\/a><\/div><div class=\"col-sm-6 col-md-4 col-lg-4\"><a href=\"https:\/\/vinsiolisuner.com\/wp-content\/uploads\/2016\/07\/20160602FiraDOT1471.jpg\" title=\"\" class=\"hoverBorder\"><img loading=\"lazy\" decoding=\"async\" width=\"300\" height=\"198\" src=\"https:\/\/vinsiolisuner.com\/wp-content\/uploads\/2016\/07\/20160602FiraDOT1471-300x198.jpg\" class=\"attachment-medium size-medium\" alt=\"\" size=\"medium\" ids=\"15171,15172,15173\" orderby=\"post__in\" include=\"15171,15172,15173\" srcset=\"https:\/\/vinsiolisuner.com\/wp-content\/uploads\/2016\/07\/20160602FiraDOT1471-300x198.jpg 300w, https:\/\/vinsiolisuner.com\/wp-content\/uploads\/2016\/07\/20160602FiraDOT1471-265x175.jpg 265w, https:\/\/vinsiolisuner.com\/wp-content\/uploads\/2016\/07\/20160602FiraDOT1471-1024x676.jpg 1024w, https:\/\/vinsiolisuner.com\/wp-content\/uploads\/2016\/07\/20160602FiraDOT1471-280x185.jpg 280w, https:\/\/vinsiolisuner.com\/wp-content\/uploads\/2016\/07\/20160602FiraDOT1471-1170x772.jpg 1170w, https:\/\/vinsiolisuner.com\/wp-content\/uploads\/2016\/07\/20160602FiraDOT1471.jpg 1500w\" sizes=\"auto, (max-width: 300px) 100vw, 300px\" \/><span class=\"gallery_caption\"><\/span><\/a><\/div><\/div><\/div>\n<style type=\"text\/css\">\r\n\t\t\t\t#gallery-2 {\r\n\t\t\t\t\tmargin: auto;\r\n\t\t\t\t}\r\n\t\t\t\t#gallery-2 .gallery-item {\r\n\t\t\t\t\tfloat: left;\r\n\t\t\t\t\tmargin-top: 10px;\r\n\t\t\t\t\ttext-align: center;\r\n\t\t\t\t\twidth: 33%;\r\n\t\t\t\t}\r\n\t\t\t\t#gallery-2 .gallery-caption {\r\n\t\t\t\t\tmargin-left: 0;\r\n\t\t\t\t}\r\n\t\t\t<\/style><!-- see gallery_shortcode() in wp-includes\/media.php -->\r\n\t\t\t\n\t\t<div id=\"gallery-2\" class=\"gallery galleryid-15471 mfp-gallery mfp-gallery--images gallery-columns-3 gallery-size-medium\"><div class=\"row zn_image_gallery \"><div class=\"col-sm-6 col-md-4 col-lg-4\"><a href=\"https:\/\/vinsiolisuner.com\/wp-content\/uploads\/2016\/07\/IMG_7078.jpg\" title=\"\" class=\"hoverBorder\"><img loading=\"lazy\" decoding=\"async\" width=\"225\" height=\"300\" src=\"https:\/\/vinsiolisuner.com\/wp-content\/uploads\/2016\/07\/IMG_7078-225x300.jpg\" class=\"attachment-medium size-medium\" alt=\"\" size=\"medium\" ids=\"15176,15175,15181\" orderby=\"post__in\" include=\"15176,15175,15181\" srcset=\"https:\/\/vinsiolisuner.com\/wp-content\/uploads\/2016\/07\/IMG_7078-225x300.jpg 225w, https:\/\/vinsiolisuner.com\/wp-content\/uploads\/2016\/07\/IMG_7078-265x353.jpg 265w, https:\/\/vinsiolisuner.com\/wp-content\/uploads\/2016\/07\/IMG_7078-768x1024.jpg 768w, https:\/\/vinsiolisuner.com\/wp-content\/uploads\/2016\/07\/IMG_7078-140x187.jpg 140w, https:\/\/vinsiolisuner.com\/wp-content\/uploads\/2016\/07\/IMG_7078-1170x1560.jpg 1170w, https:\/\/vinsiolisuner.com\/wp-content\/uploads\/2016\/07\/IMG_7078.jpg 1200w\" sizes=\"auto, (max-width: 225px) 100vw, 225px\" \/><span class=\"gallery_caption\"><\/span><\/a><\/div><div class=\"col-sm-6 col-md-4 col-lg-4\"><a href=\"https:\/\/vinsiolisuner.com\/wp-content\/uploads\/2016\/07\/IMG_6782.jpg\" title=\"\" class=\"hoverBorder\"><img loading=\"lazy\" decoding=\"async\" width=\"300\" height=\"300\" src=\"https:\/\/vinsiolisuner.com\/wp-content\/uploads\/2016\/07\/IMG_6782-300x300.jpg\" class=\"attachment-medium size-medium\" alt=\"\" size=\"medium\" ids=\"15176,15175,15181\" orderby=\"post__in\" include=\"15176,15175,15181\" srcset=\"https:\/\/vinsiolisuner.com\/wp-content\/uploads\/2016\/07\/IMG_6782-300x300.jpg 300w, https:\/\/vinsiolisuner.com\/wp-content\/uploads\/2016\/07\/IMG_6782-270x270.jpg 270w, https:\/\/vinsiolisuner.com\/wp-content\/uploads\/2016\/07\/IMG_6782-100x100.jpg 100w, https:\/\/vinsiolisuner.com\/wp-content\/uploads\/2016\/07\/IMG_6782-265x265.jpg 265w, https:\/\/vinsiolisuner.com\/wp-content\/uploads\/2016\/07\/IMG_6782-150x150.jpg 150w, https:\/\/vinsiolisuner.com\/wp-content\/uploads\/2016\/07\/IMG_6782-187x187.jpg 187w, https:\/\/vinsiolisuner.com\/wp-content\/uploads\/2016\/07\/IMG_6782.jpg 970w\" sizes=\"auto, (max-width: 300px) 100vw, 300px\" \/><span class=\"gallery_caption\"><\/span><\/a><\/div><div class=\"col-sm-6 col-md-4 col-lg-4\"><a href=\"https:\/\/vinsiolisuner.com\/wp-content\/uploads\/2016\/07\/IMG_6796.jpg\" title=\"\" class=\"hoverBorder\"><img loading=\"lazy\" decoding=\"async\" width=\"300\" height=\"225\" src=\"https:\/\/vinsiolisuner.com\/wp-content\/uploads\/2016\/07\/IMG_6796-300x225.jpg\" class=\"attachment-medium size-medium\" alt=\"\" size=\"medium\" ids=\"15176,15175,15181\" orderby=\"post__in\" include=\"15176,15175,15181\" srcset=\"https:\/\/vinsiolisuner.com\/wp-content\/uploads\/2016\/07\/IMG_6796-300x225.jpg 300w, https:\/\/vinsiolisuner.com\/wp-content\/uploads\/2016\/07\/IMG_6796-265x199.jpg 265w, https:\/\/vinsiolisuner.com\/wp-content\/uploads\/2016\/07\/IMG_6796-1024x768.jpg 1024w, https:\/\/vinsiolisuner.com\/wp-content\/uploads\/2016\/07\/IMG_6796-249x187.jpg 249w, https:\/\/vinsiolisuner.com\/wp-content\/uploads\/2016\/07\/IMG_6796-1170x878.jpg 1170w, https:\/\/vinsiolisuner.com\/wp-content\/uploads\/2016\/07\/IMG_6796.jpg 1600w\" sizes=\"auto, (max-width: 300px) 100vw, 300px\" \/><span class=\"gallery_caption\"><\/span><\/a><\/div><\/div><\/div>\n<p>Dissabte al mat\u00ed vam fer la presentaci\u00f3 de l\u2019<strong>Associaci\u00f3 de Cellers Singulars de la DO Tarragona<\/strong> en el marc de la Fira de Vins de la DO Tarragona a la Rambla Nova. Aquesta associaci\u00f3 neix amb la voluntat de promocionar i donar a con\u00e8ixer els cellers i els vins d&#8217;aquesta denominaci\u00f3.\u00a0Els productors que formem part de l\u2019Associaci\u00f3 som joves emprenedors amb voluntat de futur, que volem donar valor al territori, als cellers, als vins i a la DO Tarragona. Els nostres objectius a curt termini\u00a0seran potenciar la promoci\u00f3 dels cellers i dels seus vins, aix\u00ed com de la DO Tarragona. Pretenem fer diversos actes a Tarragona i a Barcelona amb especialistes dels sector vitivin\u00edcola catal\u00e0 i de la restauraci\u00f3. Els cellers que formem part de l\u2019Associaci\u00f3 som: &#8211; Biopaumer\u00e0 \u2013 Rasquera &#8211; Celler Mas Bella \u2013 Masmolets \u2013 Valls &#8211; Celler Mas del Bot\u00f3 \u2013 Alforja &#8211; Celler Pedrola \u2013 Miravet <strong>&#8211; Celler Su\u00f1er \u2013 Ginestar<\/strong> &#8211; Estol Verd Celler \u2013 Rodony\u00e0 &#8211; La Farinera Vins \u2013 Rasquera &#8211; Mol\u00ed de Ru\u00e9 &#8211; Vinebre <strong>Ruth Troyano<\/strong>, periodista i sommelier, ha apadrinat l&#8217;acte de presentaci\u00f3, on ha volgut fer \u00e8mfasi en la import\u00e0ncia dels 8 cellers que formen part de la nova associaci\u00f3, <strong>8 projectes de vi, d&#8217;ecologia, d&#8217;enologia, d&#8217;inquietuts, de valors i de cultura del vi.<\/strong> En l&#8217;acte s&#8217;ha realitzat un maridatge de vins amb productes gastron\u00f2mics locals, en el que cada celler ha aportat un dels seus vins i un menjar t\u00edpic de la seva poblaci\u00f3. Els plats que s&#8217;han degustat s\u00f3n els caragols de Vinebre, pat\u00e9 d&#8217;olivada de Ginestar, coca de recapta i salsa de cal\u00e7ots de Valls, el pataco d&#8217;Alforja, els pollastres La Bes\u00e0via de Rodony\u00e0 i les cireres i els pastissets de Rasquera.<\/p>\n<style type=\"text\/css\">\r\n\t\t\t\t#gallery-3 {\r\n\t\t\t\t\tmargin: auto;\r\n\t\t\t\t}\r\n\t\t\t\t#gallery-3 .gallery-item {\r\n\t\t\t\t\tfloat: left;\r\n\t\t\t\t\tmargin-top: 10px;\r\n\t\t\t\t\ttext-align: center;\r\n\t\t\t\t\twidth: 33%;\r\n\t\t\t\t}\r\n\t\t\t\t#gallery-3 .gallery-caption {\r\n\t\t\t\t\tmargin-left: 0;\r\n\t\t\t\t}\r\n\t\t\t<\/style><!-- see gallery_shortcode() in wp-includes\/media.php -->\r\n\t\t\t\n\t\t<div id=\"gallery-3\" class=\"gallery galleryid-15471 mfp-gallery mfp-gallery--images gallery-columns-3 gallery-size-medium\"><div class=\"row zn_image_gallery \"><div class=\"col-sm-6 col-md-4 col-lg-4\"><a href=\"https:\/\/vinsiolisuner.com\/wp-content\/uploads\/2016\/07\/IMG_6775-2.jpg\" title=\"\" class=\"hoverBorder\"><img loading=\"lazy\" decoding=\"async\" width=\"300\" height=\"224\" src=\"https:\/\/vinsiolisuner.com\/wp-content\/uploads\/2016\/07\/IMG_6775-2-300x224.jpg\" class=\"attachment-medium size-medium\" alt=\"\" size=\"medium\" ids=\"15179,15180,15178\" orderby=\"post__in\" include=\"15179,15180,15178\" srcset=\"https:\/\/vinsiolisuner.com\/wp-content\/uploads\/2016\/07\/IMG_6775-2-300x224.jpg 300w, https:\/\/vinsiolisuner.com\/wp-content\/uploads\/2016\/07\/IMG_6775-2-265x198.jpg 265w, https:\/\/vinsiolisuner.com\/wp-content\/uploads\/2016\/07\/IMG_6775-2-1024x765.jpg 1024w, https:\/\/vinsiolisuner.com\/wp-content\/uploads\/2016\/07\/IMG_6775-2-250x187.jpg 250w, https:\/\/vinsiolisuner.com\/wp-content\/uploads\/2016\/07\/IMG_6775-2-1170x874.jpg 1170w, https:\/\/vinsiolisuner.com\/wp-content\/uploads\/2016\/07\/IMG_6775-2.jpg 1600w\" sizes=\"auto, (max-width: 300px) 100vw, 300px\" \/><span class=\"gallery_caption\"><\/span><\/a><\/div><div class=\"col-sm-6 col-md-4 col-lg-4\"><a href=\"https:\/\/vinsiolisuner.com\/wp-content\/uploads\/2016\/07\/IMG_6777.jpg\" title=\"\" class=\"hoverBorder\"><img loading=\"lazy\" decoding=\"async\" width=\"300\" height=\"250\" src=\"https:\/\/vinsiolisuner.com\/wp-content\/uploads\/2016\/07\/IMG_6777-300x250.jpg\" class=\"attachment-medium size-medium\" alt=\"\" size=\"medium\" ids=\"15179,15180,15178\" orderby=\"post__in\" include=\"15179,15180,15178\" srcset=\"https:\/\/vinsiolisuner.com\/wp-content\/uploads\/2016\/07\/IMG_6777-300x250.jpg 300w, https:\/\/vinsiolisuner.com\/wp-content\/uploads\/2016\/07\/IMG_6777-265x220.jpg 265w, https:\/\/vinsiolisuner.com\/wp-content\/uploads\/2016\/07\/IMG_6777-1024x852.jpg 1024w, https:\/\/vinsiolisuner.com\/wp-content\/uploads\/2016\/07\/IMG_6777-225x187.jpg 225w, https:\/\/vinsiolisuner.com\/wp-content\/uploads\/2016\/07\/IMG_6777-1170x973.jpg 1170w, https:\/\/vinsiolisuner.com\/wp-content\/uploads\/2016\/07\/IMG_6777.jpg 1600w\" sizes=\"auto, (max-width: 300px) 100vw, 300px\" \/><span class=\"gallery_caption\"><\/span><\/a><\/div><div class=\"col-sm-6 col-md-4 col-lg-4\"><a href=\"https:\/\/vinsiolisuner.com\/wp-content\/uploads\/2016\/07\/IMG_6770-2.jpg\" title=\"\" class=\"hoverBorder\"><img loading=\"lazy\" decoding=\"async\" width=\"300\" height=\"225\" src=\"https:\/\/vinsiolisuner.com\/wp-content\/uploads\/2016\/07\/IMG_6770-2-300x225.jpg\" class=\"attachment-medium size-medium\" alt=\"\" size=\"medium\" ids=\"15179,15180,15178\" orderby=\"post__in\" include=\"15179,15180,15178\" srcset=\"https:\/\/vinsiolisuner.com\/wp-content\/uploads\/2016\/07\/IMG_6770-2-300x225.jpg 300w, https:\/\/vinsiolisuner.com\/wp-content\/uploads\/2016\/07\/IMG_6770-2-265x199.jpg 265w, https:\/\/vinsiolisuner.com\/wp-content\/uploads\/2016\/07\/IMG_6770-2-1024x768.jpg 1024w, https:\/\/vinsiolisuner.com\/wp-content\/uploads\/2016\/07\/IMG_6770-2-249x187.jpg 249w, https:\/\/vinsiolisuner.com\/wp-content\/uploads\/2016\/07\/IMG_6770-2-1170x878.jpg 1170w, https:\/\/vinsiolisuner.com\/wp-content\/uploads\/2016\/07\/IMG_6770-2.jpg 1600w\" sizes=\"auto, (max-width: 300px) 100vw, 300px\" \/><span class=\"gallery_caption\"><\/span><\/a><\/div><\/div><\/div>\n<p>&nbsp;<\/p>\n","protected":false},"excerpt":{"rendered":"<p>El pasado jueves 2 de junio se celebr\u00f3 el acto de entrega de premios de la XXIIa edici\u00f3n del Concurso de vinos embotellados de la DO Tarragona. El Su\u00f1er Merlot sali\u00f3 galardonado con el primer premio de la categor\u00eda de negro envejecido en madera. Las catas a ciegas de los cerca de 90 vinos presentados,<\/p>\n","protected":false},"author":1,"featured_media":15472,"comment_status":"closed","ping_status":"open","sticky":false,"template":"","format":"standard","meta":{"footnotes":""},"categories":[726],"tags":[],"class_list":["post-15471","post","type-post","status-publish","format-standard","has-post-thumbnail","hentry","category-blog-es","prodpage-classic"],"yoast_head":"<!-- This site is optimized with the Yoast SEO plugin v25.2 - https:\/\/yoast.com\/wordpress\/plugins\/seo\/ -->\n<title>FERIA DO TARRAGONA 2016 | Vins i Olis Su\u00f1er<\/title>\n<meta name=\"robots\" content=\"index, follow, max-snippet:-1, max-image-preview:large, max-video-preview:-1\" \/>\n<link rel=\"canonical\" href=\"https:\/\/vinsiolisuner.com\/es\/feria-do-tarragona-2016\/\" \/>\n<meta property=\"og:locale\" content=\"es_ES\" \/>\n<meta property=\"og:type\" content=\"article\" \/>\n<meta property=\"og:title\" content=\"FERIA DO TARRAGONA 2016 | Vins i Olis Su\u00f1er\" \/>\n<meta property=\"og:description\" content=\"El pasado jueves 2 de junio se celebr\u00f3 el acto de entrega de premios de la XXIIa edici\u00f3n del Concurso de vinos embotellados de la DO Tarragona. El Su\u00f1er Merlot sali\u00f3 galardonado con el primer premio de la categor\u00eda de negro envejecido en madera. Las catas a ciegas de los cerca de 90 vinos presentados,\" \/>\n<meta property=\"og:url\" content=\"https:\/\/vinsiolisuner.com\/es\/feria-do-tarragona-2016\/\" \/>\n<meta property=\"og:site_name\" content=\"Vins i Olis Su\u00f1er\" \/>\n<meta property=\"article:published_time\" content=\"2017-02-12T13:52:33+00:00\" \/>\n<meta property=\"og:image\" content=\"https:\/\/vinsiolisuner.com\/wp-content\/uploads\/2016\/07\/IMG_6706-2.jpg\" \/>\n\t<meta property=\"og:image:width\" content=\"1600\" \/>\n\t<meta property=\"og:image:height\" content=\"1600\" \/>\n\t<meta property=\"og:image:type\" content=\"image\/jpeg\" \/>\n<meta name=\"author\" content=\"vinsiolisuner\" \/>\n<meta name=\"twitter:label1\" content=\"Escrito por\" \/>\n\t<meta name=\"twitter:data1\" content=\"vinsiolisuner\" \/>\n\t<meta name=\"twitter:label2\" content=\"Tiempo de lectura\" \/>\n\t<meta name=\"twitter:data2\" content=\"3 minutos\" \/>\n<script type=\"application\/ld+json\" class=\"yoast-schema-graph\">{\"@context\":\"https:\/\/schema.org\",\"@graph\":[{\"@type\":\"WebPage\",\"@id\":\"https:\/\/vinsiolisuner.com\/es\/feria-do-tarragona-2016\/\",\"url\":\"https:\/\/vinsiolisuner.com\/es\/feria-do-tarragona-2016\/\",\"name\":\"FERIA DO TARRAGONA 2016 | Vins i Olis Su\u00f1er\",\"isPartOf\":{\"@id\":\"https:\/\/vinsiolisuner.com\/#website\"},\"primaryImageOfPage\":{\"@id\":\"https:\/\/vinsiolisuner.com\/es\/feria-do-tarragona-2016\/#primaryimage\"},\"image\":{\"@id\":\"https:\/\/vinsiolisuner.com\/es\/feria-do-tarragona-2016\/#primaryimage\"},\"thumbnailUrl\":\"https:\/\/vinsiolisuner.com\/wp-content\/uploads\/2016\/07\/IMG_6706-2.jpg\",\"datePublished\":\"2017-02-12T13:52:33+00:00\",\"author\":{\"@id\":\"https:\/\/vinsiolisuner.com\/#\/schema\/person\/740d250858b6cb7aaf0a324a6893c86b\"},\"breadcrumb\":{\"@id\":\"https:\/\/vinsiolisuner.com\/es\/feria-do-tarragona-2016\/#breadcrumb\"},\"inLanguage\":\"es\",\"potentialAction\":[{\"@type\":\"ReadAction\",\"target\":[\"https:\/\/vinsiolisuner.com\/es\/feria-do-tarragona-2016\/\"]}]},{\"@type\":\"ImageObject\",\"inLanguage\":\"es\",\"@id\":\"https:\/\/vinsiolisuner.com\/es\/feria-do-tarragona-2016\/#primaryimage\",\"url\":\"https:\/\/vinsiolisuner.com\/wp-content\/uploads\/2016\/07\/IMG_6706-2.jpg\",\"contentUrl\":\"https:\/\/vinsiolisuner.com\/wp-content\/uploads\/2016\/07\/IMG_6706-2.jpg\",\"width\":1600,\"height\":1600},{\"@type\":\"BreadcrumbList\",\"@id\":\"https:\/\/vinsiolisuner.com\/es\/feria-do-tarragona-2016\/#breadcrumb\",\"itemListElement\":[{\"@type\":\"ListItem\",\"position\":1,\"name\":\"Portada\",\"item\":\"https:\/\/vinsiolisuner.com\/es\/\"},{\"@type\":\"ListItem\",\"position\":2,\"name\":\"FERIA DO TARRAGONA 2016\"}]},{\"@type\":\"WebSite\",\"@id\":\"https:\/\/vinsiolisuner.com\/#website\",\"url\":\"https:\/\/vinsiolisuner.com\/\",\"name\":\"Vins i Olis Su\u00f1er\",\"description\":\"Vins i Olis Su\u00f1er\",\"potentialAction\":[{\"@type\":\"SearchAction\",\"target\":{\"@type\":\"EntryPoint\",\"urlTemplate\":\"https:\/\/vinsiolisuner.com\/?s={search_term_string}\"},\"query-input\":{\"@type\":\"PropertyValueSpecification\",\"valueRequired\":true,\"valueName\":\"search_term_string\"}}],\"inLanguage\":\"es\"},{\"@type\":\"Person\",\"@id\":\"https:\/\/vinsiolisuner.com\/#\/schema\/person\/740d250858b6cb7aaf0a324a6893c86b\",\"name\":\"vinsiolisuner\",\"image\":{\"@type\":\"ImageObject\",\"inLanguage\":\"es\",\"@id\":\"https:\/\/vinsiolisuner.com\/#\/schema\/person\/image\/\",\"url\":\"https:\/\/secure.gravatar.com\/avatar\/dffe56f1f506d494bf5f66d2149df5349775545f44eeeee6217f6f0a358506ce?s=96&d=mm&r=g\",\"contentUrl\":\"https:\/\/secure.gravatar.com\/avatar\/dffe56f1f506d494bf5f66d2149df5349775545f44eeeee6217f6f0a358506ce?s=96&d=mm&r=g\",\"caption\":\"vinsiolisuner\"},\"url\":\"https:\/\/vinsiolisuner.com\/es\/author\/vinsiolisuner\/\"}]}<\/script>\n<!-- \/ Yoast SEO plugin. -->","yoast_head_json":{"title":"FERIA DO TARRAGONA 2016 | Vins i Olis Su\u00f1er","robots":{"index":"index","follow":"follow","max-snippet":"max-snippet:-1","max-image-preview":"max-image-preview:large","max-video-preview":"max-video-preview:-1"},"canonical":"https:\/\/vinsiolisuner.com\/es\/feria-do-tarragona-2016\/","og_locale":"es_ES","og_type":"article","og_title":"FERIA DO TARRAGONA 2016 | Vins i Olis Su\u00f1er","og_description":"El pasado jueves 2 de junio se celebr\u00f3 el acto de entrega de premios de la XXIIa edici\u00f3n del Concurso de vinos embotellados de la DO Tarragona. El Su\u00f1er Merlot sali\u00f3 galardonado con el primer premio de la categor\u00eda de negro envejecido en madera. Las catas a ciegas de los cerca de 90 vinos presentados,","og_url":"https:\/\/vinsiolisuner.com\/es\/feria-do-tarragona-2016\/","og_site_name":"Vins i Olis Su\u00f1er","article_published_time":"2017-02-12T13:52:33+00:00","og_image":[{"width":1600,"height":1600,"url":"https:\/\/vinsiolisuner.com\/wp-content\/uploads\/2016\/07\/IMG_6706-2.jpg","type":"image\/jpeg"}],"author":"vinsiolisuner","twitter_misc":{"Escrito por":"vinsiolisuner","Tiempo de lectura":"3 minutos"},"schema":{"@context":"https:\/\/schema.org","@graph":[{"@type":"WebPage","@id":"https:\/\/vinsiolisuner.com\/es\/feria-do-tarragona-2016\/","url":"https:\/\/vinsiolisuner.com\/es\/feria-do-tarragona-2016\/","name":"FERIA DO TARRAGONA 2016 | Vins i Olis Su\u00f1er","isPartOf":{"@id":"https:\/\/vinsiolisuner.com\/#website"},"primaryImageOfPage":{"@id":"https:\/\/vinsiolisuner.com\/es\/feria-do-tarragona-2016\/#primaryimage"},"image":{"@id":"https:\/\/vinsiolisuner.com\/es\/feria-do-tarragona-2016\/#primaryimage"},"thumbnailUrl":"https:\/\/vinsiolisuner.com\/wp-content\/uploads\/2016\/07\/IMG_6706-2.jpg","datePublished":"2017-02-12T13:52:33+00:00","author":{"@id":"https:\/\/vinsiolisuner.com\/#\/schema\/person\/740d250858b6cb7aaf0a324a6893c86b"},"breadcrumb":{"@id":"https:\/\/vinsiolisuner.com\/es\/feria-do-tarragona-2016\/#breadcrumb"},"inLanguage":"es","potentialAction":[{"@type":"ReadAction","target":["https:\/\/vinsiolisuner.com\/es\/feria-do-tarragona-2016\/"]}]},{"@type":"ImageObject","inLanguage":"es","@id":"https:\/\/vinsiolisuner.com\/es\/feria-do-tarragona-2016\/#primaryimage","url":"https:\/\/vinsiolisuner.com\/wp-content\/uploads\/2016\/07\/IMG_6706-2.jpg","contentUrl":"https:\/\/vinsiolisuner.com\/wp-content\/uploads\/2016\/07\/IMG_6706-2.jpg","width":1600,"height":1600},{"@type":"BreadcrumbList","@id":"https:\/\/vinsiolisuner.com\/es\/feria-do-tarragona-2016\/#breadcrumb","itemListElement":[{"@type":"ListItem","position":1,"name":"Portada","item":"https:\/\/vinsiolisuner.com\/es\/"},{"@type":"ListItem","position":2,"name":"FERIA DO TARRAGONA 2016"}]},{"@type":"WebSite","@id":"https:\/\/vinsiolisuner.com\/#website","url":"https:\/\/vinsiolisuner.com\/","name":"Vins i Olis Su\u00f1er","description":"Vins i Olis Su\u00f1er","potentialAction":[{"@type":"SearchAction","target":{"@type":"EntryPoint","urlTemplate":"https:\/\/vinsiolisuner.com\/?s={search_term_string}"},"query-input":{"@type":"PropertyValueSpecification","valueRequired":true,"valueName":"search_term_string"}}],"inLanguage":"es"},{"@type":"Person","@id":"https:\/\/vinsiolisuner.com\/#\/schema\/person\/740d250858b6cb7aaf0a324a6893c86b","name":"vinsiolisuner","image":{"@type":"ImageObject","inLanguage":"es","@id":"https:\/\/vinsiolisuner.com\/#\/schema\/person\/image\/","url":"https:\/\/secure.gravatar.com\/avatar\/dffe56f1f506d494bf5f66d2149df5349775545f44eeeee6217f6f0a358506ce?s=96&d=mm&r=g","contentUrl":"https:\/\/secure.gravatar.com\/avatar\/dffe56f1f506d494bf5f66d2149df5349775545f44eeeee6217f6f0a358506ce?s=96&d=mm&r=g","caption":"vinsiolisuner"},"url":"https:\/\/vinsiolisuner.com\/es\/author\/vinsiolisuner\/"}]}},"_links":{"self":[{"href":"https:\/\/vinsiolisuner.com\/es\/wp-json\/wp\/v2\/posts\/15471","targetHints":{"allow":["GET"]}}],"collection":[{"href":"https:\/\/vinsiolisuner.com\/es\/wp-json\/wp\/v2\/posts"}],"about":[{"href":"https:\/\/vinsiolisuner.com\/es\/wp-json\/wp\/v2\/types\/post"}],"author":[{"embeddable":true,"href":"https:\/\/vinsiolisuner.com\/es\/wp-json\/wp\/v2\/users\/1"}],"replies":[{"embeddable":true,"href":"https:\/\/vinsiolisuner.com\/es\/wp-json\/wp\/v2\/comments?post=15471"}],"version-history":[{"count":0,"href":"https:\/\/vinsiolisuner.com\/es\/wp-json\/wp\/v2\/posts\/15471\/revisions"}],"wp:featuredmedia":[{"embeddable":true,"href":"https:\/\/vinsiolisuner.com\/es\/wp-json\/wp\/v2\/media\/15472"}],"wp:attachment":[{"href":"https:\/\/vinsiolisuner.com\/es\/wp-json\/wp\/v2\/media?parent=15471"}],"wp:term":[{"taxonomy":"category","embeddable":true,"href":"https:\/\/vinsiolisuner.com\/es\/wp-json\/wp\/v2\/categories?post=15471"},{"taxonomy":"post_tag","embeddable":true,"href":"https:\/\/vinsiolisuner.com\/es\/wp-json\/wp\/v2\/tags?post=15471"}],"curies":[{"name":"wp","href":"https:\/\/api.w.org\/{rel}","templated":true}]}}